{"id":5809,"date":"2021-12-06T10:58:15","date_gmt":"2021-12-06T09:58:15","guid":{"rendered":"http:\/\/blog.telenuovo.it\/francesco-barana\/?p=5809"},"modified":"2021-12-06T11:08:23","modified_gmt":"2021-12-06T10:08:23","slug":"il-verona-a-un-bivio-clamoroso-della-sua-storia","status":"publish","type":"post","link":"https:\/\/blog.telenuovo.it\/francesco-barana\/2021\/12\/06\/il-verona-a-un-bivio-clamoroso-della-sua-storia\/","title":{"rendered":"IL VERONA A UN BIVIO CLAMOROSO DELLA SUA STORIA"},"content":{"rendered":"\n<p>Equilibrio. Lo so che pu\u00f2 apparire una parola vuota o, peggio, stonata dopo un 3-4 di rimonta da 3-0. Per\u00f2, al netto della stravagante impresa di Venezia, il Verona di Tudor conferma una costanza che non merita di essere inquinata da sbalzi di umore o pessimismi, come accaduto dopo la sconfitta di Genova con la Samp e il pari con il Cagliari. L\u2019equilibro risiede nel fatto che i gialloblu non sbagliano (quasi) mai le partite con le squadre di fascia pari o inferiore. Con Tudor \u00e8 successo solo a Genova, appunto. L\u2019eccezione, quella, che conferma la regola.<\/p>\n\n\n\n<p>Siamo quasi alla fine del girone d\u2019andata e i valori si sono gi\u00e0 grosso modo espressi: l\u2019Hellas \u00e8 squadra da met\u00e0 classifica, come lo era con Juric. Siamo pi\u00f9 forti davanti e meno dietro. Ma quest\u2019anno c\u2019\u00e8 un vantaggio che con il vecchio allenatore non avevamo: a gennaio, se ci sar\u00e0 la volont\u00e0, sar\u00e0 meno difficile e dispendioso per la societ\u00e0 alzare il livello dell\u2019organico per provare a inseguire qualcosa in pi\u00f9. \u00a0Non c\u2019\u00e8 la famosa punta (ruolo costoso da sempre) da ingaggiare, ma un difensore centrale che con Dawidowicz e il ritrovato Magnani possa puntellare la terza linea. Perch\u00e9 Tudor forse ha il torto di cambiare troppo spesso interpreti l\u00ec dietro e certamente ieri ha sbagliato assetto difensivo, ma sono scelte che nascono dall\u2019affanno e dall\u2019insicurezza di non avere calibri adeguati. Poi torno su una questione a cui avevo accennato all\u2019inizio del campionato e su cui poi avevo taciuto per carit\u00e0 di patria: serve \u00a0un portiere che dia pi\u00f9 garanzie di Montip\u00f2. Scusate la franchezza e non me ne voglia l\u2019interessato: non dovrebbe essere poi difficile trovarlo.<\/p>\n\n\n\n<p>Ci sono infine due questioni che presto servir\u00e0 affrontare: il rinnovo di Tudor e come gestire l\u2019acquisizione di Simeone. Qual \u00e8 la strada che s\u2019intraprender\u00e0 con il Cholito? Adeguargli lo stipendio e prolungargli il contratto per tenerlo un altro anno (e cederlo in futuro a cifre ancora pi\u00f9 importanti), o seguire lo storico comandamento settiano \u201cvendi subito e incassa quello che puoi\u201d?<\/p>\n\n\n\n<p>Il Verona, inteso come societ\u00e0, sta ultimando il suo (accidentato e lungo) percorso di consolidamento e adesso Setti si trova a un punto interessante della sua storia. C\u2019\u00e8 la possibilit\u00e0 reale e sostenibile per un salto di qualit\u00e0 sia nel campionato in corso e sia, soprattutto, strutturale.<\/p>\n","protected":false},"excerpt":{"rendered":"<p>Equilibrio. Lo so che pu\u00f2 apparire una parola vuota o, peggio, stonata dopo un 3-4 di rimonta da 3-0. Per\u00f2, al netto della stravagante impresa di Venezia, il Verona di Tudor conferma una costanza che non merita di essere inquinata da sbalzi di umore o pessimismi, come accaduto dopo la sconfitta di Genova con la&#8230;  <a class=\"excerpt-read-more\" href=\"https:\/\/blog.telenuovo.it\/francesco-barana\/2021\/12\/06\/il-verona-a-un-bivio-clamoroso-della-sua-storia\/\" title=\"Read IL VERONA A UN BIVIO CLAMOROSO DELLA SUA STORIA\">Leggi tutto &raquo;<\/a><\/p>\n","protected":false},"author":7,"featured_media":0,"comment_status":"open","ping_status":"open","sticky":false,"template":"","format":"standard","meta":[],"categories":[1],"tags":[],"_links":{"self":[{"href":"https:\/\/blog.telenuovo.it\/francesco-barana\/wp-json\/wp\/v2\/posts\/5809"}],"collection":[{"href":"https:\/\/blog.telenuovo.it\/francesco-barana\/wp-json\/wp\/v2\/posts"}],"about":[{"href":"https:\/\/blog.telenuovo.it\/francesco-barana\/wp-json\/wp\/v2\/types\/post"}],"author":[{"embeddable":true,"href":"https:\/\/blog.telenuovo.it\/francesco-barana\/wp-json\/wp\/v2\/users\/7"}],"replies":[{"embeddable":true,"href":"https:\/\/blog.telenuovo.it\/francesco-barana\/wp-json\/wp\/v2\/comments?post=5809"}],"version-history":[{"count":4,"href":"https:\/\/blog.telenuovo.it\/francesco-barana\/wp-json\/wp\/v2\/posts\/5809\/revisions"}],"predecessor-version":[{"id":5813,"href":"https:\/\/blog.telenuovo.it\/francesco-barana\/wp-json\/wp\/v2\/posts\/5809\/revisions\/5813"}],"wp:attachment":[{"href":"https:\/\/blog.telenuovo.it\/francesco-barana\/wp-json\/wp\/v2\/media?parent=5809"}],"wp:term":[{"taxonomy":"category","embeddable":true,"href":"https:\/\/blog.telenuovo.it\/francesco-barana\/wp-json\/wp\/v2\/categories?post=5809"},{"taxonomy":"post_tag","embeddable":true,"href":"https:\/\/blog.telenuovo.it\/francesco-barana\/wp-json\/wp\/v2\/tags?post=5809"}],"curies":[{"name":"wp","href":"https:\/\/api.w.org\/{rel}","templated":true}]}}