{"id":5827,"date":"2022-02-08T10:29:29","date_gmt":"2022-02-08T09:29:29","guid":{"rendered":"http:\/\/blog.telenuovo.it\/francesco-barana\/?p=5827"},"modified":"2022-02-08T10:33:49","modified_gmt":"2022-02-08T09:33:49","slug":"setti-fissi-un-nuovo-obiettivo-e-sul-futuro-di-tudor","status":"publish","type":"post","link":"https:\/\/blog.telenuovo.it\/francesco-barana\/2022\/02\/08\/setti-fissi-un-nuovo-obiettivo-e-sul-futuro-di-tudor\/","title":{"rendered":"SETTI FISSI UN NUOVO OBIETTIVO. E SUL FUTURO DI TUDOR&#8230;"},"content":{"rendered":"\n<p>Con il mercato la societ\u00e0, tenendo i pezzi migliori, ha dato un segnale: si deve concludere con dignit\u00e0 il campionato. Pertanto niente sbracamenti, o vacanze anticipate. C\u2019\u00e8 stato il divorzio, un po\u2019 furtivo e improvviso, con Kalinic, per\u00f2 nella sostanza era chiaro da mesi che in attacco, dove c\u2019\u00e8 abbondanza, uno se ne sarebbe andato. Intoccabile Simeone, restava da piazzare uno tra Lasagna e il croato, quest\u2019ultimo con pi\u00f9 mercato.<\/p>\n\n\n\n<p>Le conferme di Barak, Caprari, Casale ecc sono un buon viatico per questa seconda parte di torneo. Tuttavia non basta: sarebbe auspicabile che il presidente Setti fissasse pubblicamente un nuovo obiettivo, cos\u00ec da legittimare il lavoro dell\u2019allenatore e compattare lo spogliatoio da qui a maggio. L\u2019unico che si \u00e8 esposto su traguardi pi\u00f9 ambiziosi \u00e8 stato Barak, che non si \u00e8 trincerato dietro le consuete minimali banalit\u00e0. Ma il coming-out di un calciatore, per quanto autorevole, non basta. \u00a0\u00a0<\/p>\n\n\n\n<p>Il resto \u00e8 nelle mani di Tudor e della squadra. L\u2019allenatore croato si gioca anche il suo futuro a Verona. Qualsiasi trattativa per il rinnovo e l\u2019adeguamento dell\u2019ingaggio \u00e8 congelata, la qual cosa a occhi esterni pu\u00f2 perfino apparire incredibile dato il ruolino di marcia che il gigante di Spalato ha realizzato dal suo arrivo a Verona. Il club per\u00f2 si \u00e8 dato tempo e vuole capire bene se Tudor pu\u00f2 essere il futuro. Pensiero razionale, liberato da qualsiasi condizionamento emotivo, che mi sento di condividere, come a suo tempo fui tra i pochi (forse l\u2019unico) ad appoggiare il divorzio da Aglietti. Una societ\u00e0 forte \u00e8 indipendente dalla figura di qualsiasi allenatore e persino dal suo rendimento. Lo pensavo (e l\u2019ho scritto) anche ai tempi di Juric, che pure \u00e8 stato la figura pi\u00f9 importante (tecnica-finanziaria) del Verona dell\u2019era Setti.<\/p>\n","protected":false},"excerpt":{"rendered":"<p>Con il mercato la societ\u00e0, tenendo i pezzi migliori, ha dato un segnale: si deve concludere con dignit\u00e0 il campionato. Pertanto niente sbracamenti, o vacanze anticipate. C\u2019\u00e8 stato il divorzio, un po\u2019 furtivo e improvviso, con Kalinic, per\u00f2 nella sostanza era chiaro da mesi che in attacco, dove c\u2019\u00e8 abbondanza, uno se ne sarebbe andato&#8230;.  <a class=\"excerpt-read-more\" href=\"https:\/\/blog.telenuovo.it\/francesco-barana\/2022\/02\/08\/setti-fissi-un-nuovo-obiettivo-e-sul-futuro-di-tudor\/\" title=\"Read SETTI FISSI UN NUOVO OBIETTIVO. E SUL FUTURO DI TUDOR&#8230;\">Leggi tutto &raquo;<\/a><\/p>\n","protected":false},"author":7,"featured_media":0,"comment_status":"open","ping_status":"open","sticky":false,"template":"","format":"standard","meta":[],"categories":[1],"tags":[],"_links":{"self":[{"href":"https:\/\/blog.telenuovo.it\/francesco-barana\/wp-json\/wp\/v2\/posts\/5827"}],"collection":[{"href":"https:\/\/blog.telenuovo.it\/francesco-barana\/wp-json\/wp\/v2\/posts"}],"about":[{"href":"https:\/\/blog.telenuovo.it\/francesco-barana\/wp-json\/wp\/v2\/types\/post"}],"author":[{"embeddable":true,"href":"https:\/\/blog.telenuovo.it\/francesco-barana\/wp-json\/wp\/v2\/users\/7"}],"replies":[{"embeddable":true,"href":"https:\/\/blog.telenuovo.it\/francesco-barana\/wp-json\/wp\/v2\/comments?post=5827"}],"version-history":[{"count":2,"href":"https:\/\/blog.telenuovo.it\/francesco-barana\/wp-json\/wp\/v2\/posts\/5827\/revisions"}],"predecessor-version":[{"id":5829,"href":"https:\/\/blog.telenuovo.it\/francesco-barana\/wp-json\/wp\/v2\/posts\/5827\/revisions\/5829"}],"wp:attachment":[{"href":"https:\/\/blog.telenuovo.it\/francesco-barana\/wp-json\/wp\/v2\/media?parent=5827"}],"wp:term":[{"taxonomy":"category","embeddable":true,"href":"https:\/\/blog.telenuovo.it\/francesco-barana\/wp-json\/wp\/v2\/categories?post=5827"},{"taxonomy":"post_tag","embeddable":true,"href":"https:\/\/blog.telenuovo.it\/francesco-barana\/wp-json\/wp\/v2\/tags?post=5827"}],"curies":[{"name":"wp","href":"https:\/\/api.w.org\/{rel}","templated":true}]}}