{"id":5866,"date":"2022-05-16T12:05:34","date_gmt":"2022-05-16T10:05:34","guid":{"rendered":"http:\/\/blog.telenuovo.it\/francesco-barana\/?p=5866"},"modified":"2022-05-16T12:28:43","modified_gmt":"2022-05-16T10:28:43","slug":"quale-futuro","status":"publish","type":"post","link":"https:\/\/blog.telenuovo.it\/francesco-barana\/2022\/05\/16\/quale-futuro\/","title":{"rendered":"QUALE FUTURO?"},"content":{"rendered":"\n<p>Il Verona, che ha onorato il suo campionato, nelle ultime due partite ha un po\u2019 mollato. Siamo ormai alla fine e quindi poco si pu\u00f2 rimproverare. Peccato solo per quei ventimila che sabato contro il Torino hanno dato ancora fiducia alla squadra in una partita di fine stagione: cosa rara e commovente.<\/p>\n\n\n\n<p>Commoventi (e sincere) anche le parole di Juric in sala stampa. Il grande ex a Verona ha lasciato il cuore. Tanti non lo hanno perdonato e si pu\u00f2 capire: l&#8217;addio \u00e8 stato spiccio e brutale nei modi. &nbsp;Ma le scelte professionali, nel calcio, quasi mai sono una questione di cuore. Nulla toglie a quello che ha fatto Juric a Verona e a quello che \u00e8 Juric come persona. Il tempo rimarginer\u00e0 la ferita.<\/p>\n\n\n\n<p>Siamo alla fine e non si sa nulla del futuro. D\u2019Amico \u00e8 destinato a cambiare aria, Tudor invece non si \u00e8 mai sbilanciato. L\u2019asciuttissimo tecnico croato, che non brilla per espansivit\u00e0 e simpatia, merita la riconferma. Il prossimo campionato sar\u00e0 la prova del nove: quanto ha vissuto di rendita e quanto ci ha messo del suo? E quanto hanno inciso i giocatori?<\/p>\n\n\n\n<p>Gi\u00e0 i giocatori. Barak \u00e8 sicuro partente, Casale gli andr\u00e0 dietro. Balla ancora invece il futuro di Caprari, Simeone, Tameze. I gioielli sono tanti, ma servirebbe un segnale nuovo da parte di Setti: due cessioni al massimo (Barak e Casale), altrimenti sar\u00e0 l\u2019ennesima rifondazione. Mi aspetto il definitivo salto di qualit\u00e0 di Ilic, ancora troppo discontinuo, incerto e timido. Il suo talento merita di pi\u00f9.<\/p>\n\n\n\n<p>A proposito di Setti. Sar\u00e0 lui l\u2019uomo del nuovo centro sportivo? Le voci (mai smentite) di una cessione della societ\u00e0 corrono. Il calcio cambia, i fondi stranieri prenderanno sempre pi\u00f9 piede. &nbsp;Sarebbe da capire se sar\u00e0 l\u2019attuale propriet\u00e0 a costruire (o rilevare) un centro sportivo, o se dovremo aspettare nuovi capitali. Di certo pare naufragata l\u2019ipotesi dello stadio dei messicani, tanto voluto da questa amministrazione comunale, ma che avrebbe allontanato qualsiasi nuovo investitore dal Verona. Chi comprer\u00e0 il club lo stadio se lo vorr\u00e0 costruire in proprio.<\/p>\n\n\n\n<p>Infine fatemi concludere con un applauso al mio amico Marco Gaburro. Per lui quella con il Rimini di ieri \u00e8 la quarta promozione dalla D alla C in carriera. La terza negli ultimi quattro anni. Ora a 49 anni merita di giocarsi la sua chance in serie C. &nbsp;&nbsp;&nbsp;<\/p>\n","protected":false},"excerpt":{"rendered":"<p>Il Verona, che ha onorato il suo campionato, nelle ultime due partite ha un po\u2019 mollato. Siamo ormai alla fine e quindi poco si pu\u00f2 rimproverare. Peccato solo per quei ventimila che sabato contro il Torino hanno dato ancora fiducia alla squadra in una partita di fine stagione: cosa rara e commovente. Commoventi (e sincere)&#8230;  <a class=\"excerpt-read-more\" href=\"https:\/\/blog.telenuovo.it\/francesco-barana\/2022\/05\/16\/quale-futuro\/\" title=\"Read QUALE FUTURO?\">Leggi tutto &raquo;<\/a><\/p>\n","protected":false},"author":7,"featured_media":0,"comment_status":"open","ping_status":"open","sticky":false,"template":"","format":"standard","meta":[],"categories":[1],"tags":[],"_links":{"self":[{"href":"https:\/\/blog.telenuovo.it\/francesco-barana\/wp-json\/wp\/v2\/posts\/5866"}],"collection":[{"href":"https:\/\/blog.telenuovo.it\/francesco-barana\/wp-json\/wp\/v2\/posts"}],"about":[{"href":"https:\/\/blog.telenuovo.it\/francesco-barana\/wp-json\/wp\/v2\/types\/post"}],"author":[{"embeddable":true,"href":"https:\/\/blog.telenuovo.it\/francesco-barana\/wp-json\/wp\/v2\/users\/7"}],"replies":[{"embeddable":true,"href":"https:\/\/blog.telenuovo.it\/francesco-barana\/wp-json\/wp\/v2\/comments?post=5866"}],"version-history":[{"count":4,"href":"https:\/\/blog.telenuovo.it\/francesco-barana\/wp-json\/wp\/v2\/posts\/5866\/revisions"}],"predecessor-version":[{"id":5871,"href":"https:\/\/blog.telenuovo.it\/francesco-barana\/wp-json\/wp\/v2\/posts\/5866\/revisions\/5871"}],"wp:attachment":[{"href":"https:\/\/blog.telenuovo.it\/francesco-barana\/wp-json\/wp\/v2\/media?parent=5866"}],"wp:term":[{"taxonomy":"category","embeddable":true,"href":"https:\/\/blog.telenuovo.it\/francesco-barana\/wp-json\/wp\/v2\/categories?post=5866"},{"taxonomy":"post_tag","embeddable":true,"href":"https:\/\/blog.telenuovo.it\/francesco-barana\/wp-json\/wp\/v2\/tags?post=5866"}],"curies":[{"name":"wp","href":"https:\/\/api.w.org\/{rel}","templated":true}]}}