{"id":5907,"date":"2022-11-07T10:37:35","date_gmt":"2022-11-07T09:37:35","guid":{"rendered":"http:\/\/blog.telenuovo.it\/francesco-barana\/2022\/11\/07\/setti-presidente-volubile-e-inaffidabile\/"},"modified":"2022-11-07T10:43:59","modified_gmt":"2022-11-07T09:43:59","slug":"setti-presidente-volubile-e-inaffidabile","status":"publish","type":"post","link":"https:\/\/blog.telenuovo.it\/francesco-barana\/2022\/11\/07\/setti-presidente-volubile-e-inaffidabile\/","title":{"rendered":"SETTI? PRESIDENTE VOLUBILE E INAFFIDABILE"},"content":{"rendered":"<p>Com&#8217;\u00e8 che faceva quella vecchia canzone? &#8220;Ho perso le parole&#8230;&#8221;. Del resto dopo anni che spiego chi \u00e8 Maurizio Setti, fatico oggi a sottolineare e rinverdire ci\u00f2 che si sta palesando &#8211; ora agli occhi di tutti &#8211; come ovvio.<\/p>\n<p>Eppure, cinque-sei mesi fa mi ero illuso anch&#8217;io, pensando che un (lieve) tentativo di consolidamento del club e della categoria fosse in atto. Invece il presidente del Verona si \u00e8 confermato quello di sempre: l&#8217;uomo dei chiari di luna, della crescita e (quando meno te lo aspetti) dei ridimensionamenti repentini.<\/p>\n<p>Assistiamo allo stesso film per la terza volta dopo l&#8217;esperienza del tandem Gardini-Bigon nel post Sogliano, alla fosca parentesi di Fusco (con Pecchia e una retrocessione che a detta di molti \u00e8 sembrata programmata) e adesso alla cura dimagrante di Marroccu dopo gli anni brillanti con Juric, D&#8217;Amico e Tudor. A proposito, all&#8217;ex collaboratore di Cellino dovrebbero perlomeno risparmiare le interviste (ieri una nuova perla: ha detto che la &#8220;squadra \u00e8 talmente debole e fragile&#8221;, ma di grazia chi l&#8217;ha costruita?).<\/p>\n<p>Con Setti il Verona non pu\u00f2 avere continuit\u00e0. Mai l&#8217;ha avuta e mai l&#8217;avr\u00e0. Certo abbiamo sottolineato pi\u00f9 volte come siano piuttosto strani questi ripetuti mutamenti subitanei di linea economica, con disinvestimenti e smantellamenti in picchiata. Nonostante dal 2012 il club incassi corpose plusvalenze e diritti tv sempre pi\u00f9 ricchi e non si siano mai palesati grandi problemi di bilancio che giustificassero il passo del gambero. Abbiamo visto il Setti ranzanesco senza remore che dava carta bianca a Sogliano; quello che ci diceva che Sogliano aveva speso troppo, ma intanto con Gardini firmava un milionario quinquennale a Pazzini che aveva conclamati problemi al ginocchio; quello titubante e risparmiatore con Fusco; quello tornato\u00a0 gradualmente a investire con Juric (con l&#8217;ingaggio di giocatori sconosciuti al grande pubblico ma nazionali gi\u00e0 noti agli addetti ai lavori, vedi Amrabat che aveva fatto Champions e Mondiali) e soprattutto Tudor; quello che la scorsa estate ancora una volta \u00e8 tornato indietro e\u00a0 ha smobilitato tutto, nel momento che meno te lo aspetti, al quarto anno consecutivo di serie A, cio\u00e8 quando un club dovrebbe stabilizzarsi e continuare nella graduale crescita.<\/p>\n<p>Sul piano aziendale (cio\u00e8 dell&#8217;azienda calcio) non troviamo una logica in questa volubilit\u00e0. E la cronistoria dei fatti, quella sopra elencata, rende Setti un presidente di calcio inaffidabile.<\/p>\n\n\n<p><\/p>\n","protected":false},"excerpt":{"rendered":"<p>Com&#8217;\u00e8 che faceva quella vecchia canzone? &#8220;Ho perso le parole&#8230;&#8221;. Del resto dopo anni che spiego chi \u00e8 Maurizio Setti, fatico oggi a sottolineare e rinverdire ci\u00f2 che si sta palesando &#8211; ora agli occhi di tutti &#8211; come ovvio. Eppure, cinque-sei mesi fa mi ero illuso anch&#8217;io, pensando che un (lieve) tentativo di consolidamento&#8230;  <a class=\"excerpt-read-more\" href=\"https:\/\/blog.telenuovo.it\/francesco-barana\/2022\/11\/07\/setti-presidente-volubile-e-inaffidabile\/\" title=\"Read SETTI? PRESIDENTE VOLUBILE E INAFFIDABILE\">Leggi tutto &raquo;<\/a><\/p>\n","protected":false},"author":7,"featured_media":0,"comment_status":"open","ping_status":"open","sticky":false,"template":"","format":"standard","meta":[],"categories":[1],"tags":[],"_links":{"self":[{"href":"https:\/\/blog.telenuovo.it\/francesco-barana\/wp-json\/wp\/v2\/posts\/5907"}],"collection":[{"href":"https:\/\/blog.telenuovo.it\/francesco-barana\/wp-json\/wp\/v2\/posts"}],"about":[{"href":"https:\/\/blog.telenuovo.it\/francesco-barana\/wp-json\/wp\/v2\/types\/post"}],"author":[{"embeddable":true,"href":"https:\/\/blog.telenuovo.it\/francesco-barana\/wp-json\/wp\/v2\/users\/7"}],"replies":[{"embeddable":true,"href":"https:\/\/blog.telenuovo.it\/francesco-barana\/wp-json\/wp\/v2\/comments?post=5907"}],"version-history":[{"count":2,"href":"https:\/\/blog.telenuovo.it\/francesco-barana\/wp-json\/wp\/v2\/posts\/5907\/revisions"}],"predecessor-version":[{"id":5910,"href":"https:\/\/blog.telenuovo.it\/francesco-barana\/wp-json\/wp\/v2\/posts\/5907\/revisions\/5910"}],"wp:attachment":[{"href":"https:\/\/blog.telenuovo.it\/francesco-barana\/wp-json\/wp\/v2\/media?parent=5907"}],"wp:term":[{"taxonomy":"category","embeddable":true,"href":"https:\/\/blog.telenuovo.it\/francesco-barana\/wp-json\/wp\/v2\/categories?post=5907"},{"taxonomy":"post_tag","embeddable":true,"href":"https:\/\/blog.telenuovo.it\/francesco-barana\/wp-json\/wp\/v2\/tags?post=5907"}],"curies":[{"name":"wp","href":"https:\/\/api.w.org\/{rel}","templated":true}]}}