{"id":5917,"date":"2022-11-19T15:52:20","date_gmt":"2022-11-19T14:52:20","guid":{"rendered":"http:\/\/blog.telenuovo.it\/francesco-barana\/?p=5917"},"modified":"2022-11-19T15:56:08","modified_gmt":"2022-11-19T14:56:08","slug":"ecco-perche-setti-ha-scelto-sogliano","status":"publish","type":"post","link":"https:\/\/blog.telenuovo.it\/francesco-barana\/2022\/11\/19\/ecco-perche-setti-ha-scelto-sogliano\/","title":{"rendered":"ECCO PERCH\u00c8 SETTI HA SCELTO SOGLIANO"},"content":{"rendered":"\n<p>Carta della disperazione, o del rilancio? Il ritorno di Sean Sogliano \u00e8 forse un po\u2019 tutte e due agli occhi di Maurizio Setti, che aveva (ingiustificatamente) silurato il suo ds nel 2015 dopo tre anni di ottimi risultati sportivi ed economici (leggi plusvalenze), per continuare la storia di amorosi sensi con l\u2019allora direttore generale Gardini. Il quale, mentre accusava Sean di spendere troppo, firmava un quinquennale milionario a un Pazzini con il ginocchio disastrato. Altri tempi.<\/p>\n\n\n\n<p>I tempi di oggi invece accertano che Setti \u00e8 seriamente preoccupato, altrimenti non avrebbe richiamato uno spirito libero come Sean, lui presidente che &#8211; come molti altri &#8211; ama avere (legittimamente) il controllo di tutto. Ma Setti \u00e8 uomo pragmatico e sa che retrocedere significherebbe compiere il primo dei due passi per perdere il Verona e tutto il business che ne deriva. Il secondo passo sarebbe non risalire immediatamente, <em>ca va sans dire<\/em>, cosa peraltro possibilissima (vedi Parma, che ha ben altri capitali). Diciamocelo: non sempre ti va ricca come l\u2019anno di Pecchia (2016-17), non sempre trovi il Palermo che fallisce, il Cittadella che ti fa l\u2019harakiri e Aglietti il miracolo sulle macerie di Grosso (2018-19). Insomma, Setti \u00e8 uomo (molto) fortunato (anche quest\u2019anno: scelte disastrose, squadra smobilitata, ma sosta del mondiale provvidenziale), ma \u00e8 lui il primo a sapere che la fortuna \u00e8 meglio non sollecitarla troppo che poi magari ti si rivolta contro.<\/p>\n\n\n\n<p>In sostanza Setti, impaurito e sotto-pressione, si trova nella condizione di tornare a fare puramente calcio, ridimensionando la politica dei procuratori e del calciomercato \u201ctelecomandato\u201d dall\u2019alto. Da qui la scelta di tornare a lavorare con un uomo di calcio e non di politica, finanza o relazioni.  <\/p>\n\n\n\n<p>Baster\u00e0? Non lo so, salvarsi resta molto complicato, ma il tempo c\u2019\u00e8. Servir\u00e0 mettere mano alla squadra (cambiare almeno 4 titolari) e forse anche alla conduzione tecnica. Servir\u00e0 innanzitutto saper vendere chi non serve, per poter comprare i giocatori funzionali alla causa. <\/p>\n\n\n\n<p>Il Sogliano II non \u00e8 cos\u00ec sorprendente neanche sul piano&#8230;emotivo. Lui e Setti si erano lasciati malissimo e fino al 2018 i rapporti (anche pubblici) erano al vetriolo. Poi il graduale riavvicinamento, non a caso gi\u00e0 due volte Sean \u00e8 stato vicino al Verona: nella primavera 2019, prima che arrivasse Aglietti e agguantassimo i play off, e la scorsa estate dopo l&#8217;addio di Tony D&#8217;Amico. <\/p>\n\n\n\n<p>Il suo ritorno intanto ha gi\u00e0 ha avuto un effetto: ha rincuorato e (ri)motivato la tifoseria, molto legata al ds, il quale a sua volta ama Verona (ma in pubblico, per evitare ruffianerie, non lo sentirete mai pronunciare dichiarazioni roboanti al riguardo) e che a Verona torna ad avere una compiutezza sentimental-professionale che in questi anni, altrove, forse aveva smarrito. La mia impressione, infatti, \u00e8 che Sogliano abbia lavorato in altri club senza mai davvero dimenticare l&#8217;Hellas e, anzi, appesantito dal rimpianto di un cammino che lui ha vissuto come interrotto sul pi\u00f9 bello. Adesso si chiude un cerchio. E, chiss\u00e0, forse se ne riapre un altro\u2026<\/p>\n","protected":false},"excerpt":{"rendered":"<p>Carta della disperazione, o del rilancio? Il ritorno di Sean Sogliano \u00e8 forse un po\u2019 tutte e due agli occhi di Maurizio Setti, che aveva (ingiustificatamente) silurato il suo ds nel 2015 dopo tre anni di ottimi risultati sportivi ed economici (leggi plusvalenze), per continuare la storia di amorosi sensi con l\u2019allora direttore generale Gardini&#8230;.  <a class=\"excerpt-read-more\" href=\"https:\/\/blog.telenuovo.it\/francesco-barana\/2022\/11\/19\/ecco-perche-setti-ha-scelto-sogliano\/\" title=\"Read ECCO PERCH\u00c8 SETTI HA SCELTO SOGLIANO\">Leggi tutto &raquo;<\/a><\/p>\n","protected":false},"author":7,"featured_media":0,"comment_status":"open","ping_status":"open","sticky":false,"template":"","format":"standard","meta":[],"categories":[1],"tags":[],"_links":{"self":[{"href":"https:\/\/blog.telenuovo.it\/francesco-barana\/wp-json\/wp\/v2\/posts\/5917"}],"collection":[{"href":"https:\/\/blog.telenuovo.it\/francesco-barana\/wp-json\/wp\/v2\/posts"}],"about":[{"href":"https:\/\/blog.telenuovo.it\/francesco-barana\/wp-json\/wp\/v2\/types\/post"}],"author":[{"embeddable":true,"href":"https:\/\/blog.telenuovo.it\/francesco-barana\/wp-json\/wp\/v2\/users\/7"}],"replies":[{"embeddable":true,"href":"https:\/\/blog.telenuovo.it\/francesco-barana\/wp-json\/wp\/v2\/comments?post=5917"}],"version-history":[{"count":2,"href":"https:\/\/blog.telenuovo.it\/francesco-barana\/wp-json\/wp\/v2\/posts\/5917\/revisions"}],"predecessor-version":[{"id":5919,"href":"https:\/\/blog.telenuovo.it\/francesco-barana\/wp-json\/wp\/v2\/posts\/5917\/revisions\/5919"}],"wp:attachment":[{"href":"https:\/\/blog.telenuovo.it\/francesco-barana\/wp-json\/wp\/v2\/media?parent=5917"}],"wp:term":[{"taxonomy":"category","embeddable":true,"href":"https:\/\/blog.telenuovo.it\/francesco-barana\/wp-json\/wp\/v2\/categories?post=5917"},{"taxonomy":"post_tag","embeddable":true,"href":"https:\/\/blog.telenuovo.it\/francesco-barana\/wp-json\/wp\/v2\/tags?post=5917"}],"curies":[{"name":"wp","href":"https:\/\/api.w.org\/{rel}","templated":true}]}}