{"id":5920,"date":"2023-01-04T21:22:56","date_gmt":"2023-01-04T20:22:56","guid":{"rendered":"http:\/\/blog.telenuovo.it\/francesco-barana\/?p=5920"},"modified":"2023-01-04T21:30:29","modified_gmt":"2023-01-04T20:30:29","slug":"vittime-di-un-tempo-sospeso-invece-servono-facce-nuove","status":"publish","type":"post","link":"https:\/\/blog.telenuovo.it\/francesco-barana\/2023\/01\/04\/vittime-di-un-tempo-sospeso-invece-servono-facce-nuove\/","title":{"rendered":"VITTIME DI UN TEMPO SOSPESO (INVECE SERVONO FACCE NUOVE)"},"content":{"rendered":"\n<p>Non bastano due allenatori (il tandem Bocchetti\u2014Zaffaroni ci riporta ai primi anni \u201990 di Liedholm-Corso) per dimenticare il vecchio. E cos\u00ec Ivan Juric, da un anno e mezzo al Torino, dopo la partita del fu Comunale, oggi Olimpico, troneggia in sala stampa disquisendo del Verona. Ne parla come se fosse ancora il \u201csuo\u201d Verona. Indica la strada, dispensa consigli sull\u2019applicazione del \u201csuo\u201d calcio al discepolo Bocchetti, accenna alla migliore formazione e suggerisce financo le operazioni di mercato di questo gennaio (\u201cnon va sbagliato l\u2019attaccante\u201d).<\/p>\n\n\n\n<p>Orologi rotti, spazi temporali inesistenti, impalpabili. L\u2019Hellas Verona lotta affannato contro un tempo sospeso, di cui \u00e8 vittima. Juric non c\u2019\u00e8 pi\u00f9 da un anno e mezzo, eppure \u00e8 come se questo anno e mezzo non fosse mai trascorso. La sua ombra aleggia da sempre, nelle nostre cronache, nel vociare dei tifosi, ma soprattutto pi\u00f9 o meno inconsciamente anche in societ\u00e0. Del resto Setti, dopo Ivan, ha piazzato sulla panchina degli emuli (Tudor e poi Bocchetti) e anche nei brevi interregni di Di Francesco e Cioffi pretendeva il calcio del croato. Ebbene, le dichiarazioni di oggi pomeriggio del convitato di pietra &#8211; Juric appunto \u2013 scoperchiano il vaso di pandora e con esso deflagra l\u2019equivoco: non ci siamo ancora emancipati dal (mirabolante) passato, lo vogliamo rivivere, aneliamo impossibili d\u00e9j\u00e0-vu , senza per\u00f2 che ci siano le condizioni per ripeterlo in altre vesti e con nuovi attori.<\/p>\n\n\n\n<p>Segno di debolezza. Del club. Di un presidente che naviga a vista, di anno in anno, va a fiammate e chiari di luna. Nella scorsa stagione ha fatto il passo pi\u00f9 lungo della gamba (basta vedere il monte ingaggi dei Simeone, Barak ecc), salvo trovarsi a dover ridimensionare in estate, quindi incartato e senza potere contrattuale (da qui la svendita dei big). Aggiungici la confusione totale nella scelta dei dirigenti (Marroccu) e dell\u2019allenatore (Cioffi, pagato non poco peraltro). La tempesta perfetta, gi\u00e0 vista ai tempi di Gardini-Bigon e poi Fusco, corroborata dagli inopportuni e ineleganti mega-compensi da amministratore che Setti si auto-elargisce. \u00a0\u00a0<\/p>\n\n\n\n<p>L\u2019arrivo di Sogliano \u00e8 una pezza di buon senso, perch\u00e9 Sean, pur in una fase delicata e non certo ascendente della carriera, rimane comunque uomo di calcio capace di stare alla scrivania ma anche sul campo. Forse una piccola scossa nello spogliatoio si \u00e8 pure avuta: il pari e la discreta prestazione di Torino sono timidi segnali di risveglio. Svolta o pannicello caldo? Si vedr\u00e0 luned\u00ec con la Cremonese.<\/p>\n\n\n\n<p>Per\u00f2 il mercato langue. Non ci sono soldi (i chiari di luna settiani dopo i fasti del 2021 ora dicono spending-review), dunque \u00e8 necessario cedere un big per poter reinvestire qualcosa e tentare qualche innesto interessante (il pi\u00f9 sacrificabile \u00e8 Ilic, che per\u00f2 nel migliore dei casi sar\u00e0 un nuovo caso-Simeone, ergo una piccola plusvalenza poich\u00e9 \u00e8 costato dieci milioni e una percentuale della rivendita va al Manchester City). Ci vorrebbe una punta che sappia fare gol e pi\u00f9 di qualche faccia nuova. Rinnovare il gruppo per ricreare entusiasmo e poi giocarsela, vada come vada. <\/p>\n\n\n\n<p>\u201cQuando non hai niente, non hai niente da perdere\u201d (Bob Dylan). \u00a0<\/p>\n","protected":false},"excerpt":{"rendered":"<p>Non bastano due allenatori (il tandem Bocchetti\u2014Zaffaroni ci riporta ai primi anni \u201990 di Liedholm-Corso) per dimenticare il vecchio. E cos\u00ec Ivan Juric, da un anno e mezzo al Torino, dopo la partita del fu Comunale, oggi Olimpico, troneggia in sala stampa disquisendo del Verona. Ne parla come se fosse ancora il \u201csuo\u201d Verona. Indica&#8230;  <a class=\"excerpt-read-more\" href=\"https:\/\/blog.telenuovo.it\/francesco-barana\/2023\/01\/04\/vittime-di-un-tempo-sospeso-invece-servono-facce-nuove\/\" title=\"Read VITTIME DI UN TEMPO SOSPESO (INVECE SERVONO FACCE NUOVE)\">Leggi tutto &raquo;<\/a><\/p>\n","protected":false},"author":7,"featured_media":0,"comment_status":"open","ping_status":"open","sticky":false,"template":"","format":"standard","meta":[],"categories":[1],"tags":[],"_links":{"self":[{"href":"https:\/\/blog.telenuovo.it\/francesco-barana\/wp-json\/wp\/v2\/posts\/5920"}],"collection":[{"href":"https:\/\/blog.telenuovo.it\/francesco-barana\/wp-json\/wp\/v2\/posts"}],"about":[{"href":"https:\/\/blog.telenuovo.it\/francesco-barana\/wp-json\/wp\/v2\/types\/post"}],"author":[{"embeddable":true,"href":"https:\/\/blog.telenuovo.it\/francesco-barana\/wp-json\/wp\/v2\/users\/7"}],"replies":[{"embeddable":true,"href":"https:\/\/blog.telenuovo.it\/francesco-barana\/wp-json\/wp\/v2\/comments?post=5920"}],"version-history":[{"count":2,"href":"https:\/\/blog.telenuovo.it\/francesco-barana\/wp-json\/wp\/v2\/posts\/5920\/revisions"}],"predecessor-version":[{"id":5922,"href":"https:\/\/blog.telenuovo.it\/francesco-barana\/wp-json\/wp\/v2\/posts\/5920\/revisions\/5922"}],"wp:attachment":[{"href":"https:\/\/blog.telenuovo.it\/francesco-barana\/wp-json\/wp\/v2\/media?parent=5920"}],"wp:term":[{"taxonomy":"category","embeddable":true,"href":"https:\/\/blog.telenuovo.it\/francesco-barana\/wp-json\/wp\/v2\/categories?post=5920"},{"taxonomy":"post_tag","embeddable":true,"href":"https:\/\/blog.telenuovo.it\/francesco-barana\/wp-json\/wp\/v2\/tags?post=5920"}],"curies":[{"name":"wp","href":"https:\/\/api.w.org\/{rel}","templated":true}]}}