{"id":5990,"date":"2023-09-11T10:32:43","date_gmt":"2023-09-11T08:32:43","guid":{"rendered":"http:\/\/blog.telenuovo.it\/francesco-barana\/?p=5990"},"modified":"2023-09-11T10:35:39","modified_gmt":"2023-09-11T08:35:39","slug":"setti-lascia-qualche-indizio-lo-fa-pensare","status":"publish","type":"post","link":"https:\/\/blog.telenuovo.it\/francesco-barana\/2023\/09\/11\/setti-lascia-qualche-indizio-lo-fa-pensare\/","title":{"rendered":"SETTI LASCIA? QUALCHE INDIZIO LO FA PENSARE\u2026"},"content":{"rendered":"\n<p><\/p>\n\n\n\n<p>Pi\u00f9 che le voci, che si continuano a rincorrere, c\u2019\u00e8 un fatto che alimenta le possibilit\u00e0 che Setti possa passare la mano: il mutamento di strategia e il rafforzamento di potere contrattuale che si \u00e8 registrato nell\u2019ultima settimana di calciomercato.<\/p>\n\n\n\n<p>Il Verona era destinato a cedere i suoi due calciatori pi\u00f9 quotati, Hien e Ngonge, o almeno uno dei due. Invece, nonostante il rilancio delle offerenti, sono rimasti entrambi. Un cambio di passo inusuale rispetto a come ci ha abituati negli anni Setti, tradizionalmente pronto a vendere un calciatore alla prima occasione (a parere di molti anche sotto-prezzo, vedi i casi di Jorginho o pi\u00f9 recentemente di Simeone).<\/p>\n\n\n\n<p>Delle due l\u2019una: o Setti, senza pi\u00f9 i debiti da ripianare di Manila Grace (ceduta al gruppo Casillo), \u00e8 pi\u00f9 sereno sul piano contabile-economico e non ha l\u2019urgenza di fare plusvalenze a qualsiasi condizione; oppure c\u2019\u00e8 gi\u00e0 un accordo di massima con il fondo d\u2019investimento che &#8211; a detta delle indiscrezioni giornalistiche (questa volta non smentite) &#8211; gli dovrebbe subentrare nel Verona entro fine anno e che potrebbe avergli dato l\u2019input di non vendere i pezzi pregiati (retroscena: l&#8217;allenatore Baroni dopo Ferragosto, in sede, ottenne rassicurazioni che nessun calciatore importante sarebbe stato venduto) .<\/p>\n\n\n\n<p>Altri indizi suggeriscono la possibile vendita del club: detto di Manila Grace, non pi\u00f9 sotto il controllo del suo fondatore, Setti ha ceduto anche le quote del Mantova. Se da un lato questo potrebbe indurre a pensare che l\u2019imprenditore di Carpi si concentrer\u00e0 sul Verona, dall\u2019altro \u00e8 assodato che si \u00e8 spezzata la catena di interessi interdipendenti che aveva costruito. Aggiungo che Setti, al di l\u00e0 della facciata ranzanesca da ganassa che talvolta mi sono divertito ironicamente a canzonare, \u00e8 uomo della Bassa modenese, un tipo pragmatico che sa far di conto. Tradotto: al di l\u00e0 degli alti e bassi e dei chiari di luna finanziari che hanno caratterizzato le sue gestioni (a mio avviso non sempre trasparenti), ho sempre considerato Setti uno di quelli che cade in piedi e che non si fa fagocitiare dall&#8217;ego (nonostante ne abbia in abbondanza).  Ergo, appena si accorge che non \u00e8 pi\u00f9 aria (per mutate condizioni economiche, interessi, rapporti), il minuto dopo lascia e saluta. Che sia arrivato il momento?<\/p>\n","protected":false},"excerpt":{"rendered":"<p>Pi\u00f9 che le voci, che si continuano a rincorrere, c\u2019\u00e8 un fatto che alimenta le possibilit\u00e0 che Setti possa passare la mano: il mutamento di strategia e il rafforzamento di potere contrattuale che si \u00e8 registrato nell\u2019ultima settimana di calciomercato. Il Verona era destinato a cedere i suoi due calciatori pi\u00f9 quotati, Hien e Ngonge,&#8230;  <a class=\"excerpt-read-more\" href=\"https:\/\/blog.telenuovo.it\/francesco-barana\/2023\/09\/11\/setti-lascia-qualche-indizio-lo-fa-pensare\/\" title=\"Read SETTI LASCIA? QUALCHE INDIZIO LO FA PENSARE\u2026\">Leggi tutto &raquo;<\/a><\/p>\n","protected":false},"author":7,"featured_media":0,"comment_status":"open","ping_status":"open","sticky":false,"template":"","format":"standard","meta":[],"categories":[1],"tags":[],"_links":{"self":[{"href":"https:\/\/blog.telenuovo.it\/francesco-barana\/wp-json\/wp\/v2\/posts\/5990"}],"collection":[{"href":"https:\/\/blog.telenuovo.it\/francesco-barana\/wp-json\/wp\/v2\/posts"}],"about":[{"href":"https:\/\/blog.telenuovo.it\/francesco-barana\/wp-json\/wp\/v2\/types\/post"}],"author":[{"embeddable":true,"href":"https:\/\/blog.telenuovo.it\/francesco-barana\/wp-json\/wp\/v2\/users\/7"}],"replies":[{"embeddable":true,"href":"https:\/\/blog.telenuovo.it\/francesco-barana\/wp-json\/wp\/v2\/comments?post=5990"}],"version-history":[{"count":3,"href":"https:\/\/blog.telenuovo.it\/francesco-barana\/wp-json\/wp\/v2\/posts\/5990\/revisions"}],"predecessor-version":[{"id":5998,"href":"https:\/\/blog.telenuovo.it\/francesco-barana\/wp-json\/wp\/v2\/posts\/5990\/revisions\/5998"}],"wp:attachment":[{"href":"https:\/\/blog.telenuovo.it\/francesco-barana\/wp-json\/wp\/v2\/media?parent=5990"}],"wp:term":[{"taxonomy":"category","embeddable":true,"href":"https:\/\/blog.telenuovo.it\/francesco-barana\/wp-json\/wp\/v2\/categories?post=5990"},{"taxonomy":"post_tag","embeddable":true,"href":"https:\/\/blog.telenuovo.it\/francesco-barana\/wp-json\/wp\/v2\/tags?post=5990"}],"curies":[{"name":"wp","href":"https:\/\/api.w.org\/{rel}","templated":true}]}}