{"id":6247,"date":"2025-01-02T10:58:18","date_gmt":"2025-01-02T09:58:18","guid":{"rendered":"http:\/\/blog.telenuovo.it\/francesco-barana\/?p=6247"},"modified":"2025-01-02T11:01:49","modified_gmt":"2025-01-02T10:01:49","slug":"hellas-caotico-di-talento-e-su-setti-e-il-closing","status":"publish","type":"post","link":"https:\/\/blog.telenuovo.it\/francesco-barana\/2025\/01\/02\/hellas-caotico-di-talento-e-su-setti-e-il-closing\/","title":{"rendered":"HELLAS CAOTICO DI TALENTO. E SU SETTI E IL CLOSING&#8230;"},"content":{"rendered":"\n<p>Non ho mai creduto troppo alla fortuna. Il Verona, a Bologna, ha pi\u00f9 che altro confermato di essere una squadra \u201cpazza\u201d, disarmonica, disordinata tatticamente, eppure di talento, di ottime qualit\u00e0 individuali dalla cintola in su. Una squadra che subisce, soffre e s\u2019offre, ma che sa anche far male. Questo spiega i risultati incoerenti, dicotomici a stretto giro di posta: sconcertanti debacle, ma anche grandi imprese. Qualcosa vorr\u00e0 pur dire se, dopo quasi un girone di andata, non abbiamo mai pareggiato. A Bologna, per\u00f2, si \u00e8 vista una maggiore voglia di soffrire, di fare il passo in pi\u00f9, di stringersi compatti nelle difficolt\u00e0: \u00e8 un bel segnale. Ha detto bene Zanetti: \u201cOra siamo una squadra\u201d. Rimane, purtroppo, la nota di una fase difensiva che ancora non funziona, mentre \u00e8 positivo che Zanetti, seppur tardivamente, si sia convinto a giocare con due punte.<br>Adesso bisogner\u00e0 vedere se il mercato di gennaio rinforzer\u00e0 o meno il Verona (ma questo dipende anche dal possibile cambio societario). Restasse Setti, balla al centro della pista la cessione di Belahyane, che indebolirebbe le opzioni a centrocampo, per\u00f2 darebbe alla societ\u00e0 liquidit\u00e0 sufficiente da reinvestire su un terzino sinistro e un centrale difensivo. Vanno poi risolte in un senso o nell\u2019altro le questioni con i giocatori a scadenza di contratto, per evitare di trascinarsi malcontenti esistenziali ed esiziali. Il resto &#8211; ergo risolvere gli attuali disequilibri tattici &#8211; tocca a Zanetti: se ci riesce possiamo ancora aspirare a un campionato pi\u00f9 tranquillo perch\u00e9 se ti registri dietro poi al resto ci pensano i Tengstedt, Sarr, Serdar, Duda e compagnia. Altrimenti cammineremo sempre sul filo, su un crinale sottile, come \u00e8 destino dei caotici di talento (la giusta definizione per questo Hellas). Attenzione, potrebbe comunque bastare per guadagnarci la pagnotta, cio\u00e8 il settimo anno di serie A consecutivo; servono 34-35 punti e, nella nostra follia, siamo gi\u00e0 a 18.<br>Sulle questioni societarie, al momento, poco da dire: trattative di questo livello, con decine di milioni che girano e complesse questioni legali attorno, si osservano in silenzio. Poi resta sempre il principio di fondo di qualsiasi affare: si chiude quando la volont\u00e0 di comprare e di vendere delle parti convergono. La mia sensazione? Setti ha ancora qualche carta importante da giocarsi. Tradotto: molla solo se strappa ci\u00f2 che vuole (o si avvicina a ci\u00f2 che vuole).<\/p>\n","protected":false},"excerpt":{"rendered":"<p>Non ho mai creduto troppo alla fortuna. Il Verona, a Bologna, ha pi\u00f9 che altro confermato di essere una squadra \u201cpazza\u201d, disarmonica, disordinata tatticamente, eppure di talento, di ottime qualit\u00e0 individuali dalla cintola in su. Una squadra che subisce, soffre e s\u2019offre, ma che sa anche far male. Questo spiega i risultati incoerenti, dicotomici a&#8230;  <a class=\"excerpt-read-more\" href=\"https:\/\/blog.telenuovo.it\/francesco-barana\/2025\/01\/02\/hellas-caotico-di-talento-e-su-setti-e-il-closing\/\" title=\"Read HELLAS CAOTICO DI TALENTO. E SU SETTI E IL CLOSING&#8230;\">Leggi tutto &raquo;<\/a><\/p>\n","protected":false},"author":7,"featured_media":0,"comment_status":"open","ping_status":"open","sticky":false,"template":"","format":"standard","meta":[],"categories":[1],"tags":[],"_links":{"self":[{"href":"https:\/\/blog.telenuovo.it\/francesco-barana\/wp-json\/wp\/v2\/posts\/6247"}],"collection":[{"href":"https:\/\/blog.telenuovo.it\/francesco-barana\/wp-json\/wp\/v2\/posts"}],"about":[{"href":"https:\/\/blog.telenuovo.it\/francesco-barana\/wp-json\/wp\/v2\/types\/post"}],"author":[{"embeddable":true,"href":"https:\/\/blog.telenuovo.it\/francesco-barana\/wp-json\/wp\/v2\/users\/7"}],"replies":[{"embeddable":true,"href":"https:\/\/blog.telenuovo.it\/francesco-barana\/wp-json\/wp\/v2\/comments?post=6247"}],"version-history":[{"count":2,"href":"https:\/\/blog.telenuovo.it\/francesco-barana\/wp-json\/wp\/v2\/posts\/6247\/revisions"}],"predecessor-version":[{"id":6253,"href":"https:\/\/blog.telenuovo.it\/francesco-barana\/wp-json\/wp\/v2\/posts\/6247\/revisions\/6253"}],"wp:attachment":[{"href":"https:\/\/blog.telenuovo.it\/francesco-barana\/wp-json\/wp\/v2\/media?parent=6247"}],"wp:term":[{"taxonomy":"category","embeddable":true,"href":"https:\/\/blog.telenuovo.it\/francesco-barana\/wp-json\/wp\/v2\/categories?post=6247"},{"taxonomy":"post_tag","embeddable":true,"href":"https:\/\/blog.telenuovo.it\/francesco-barana\/wp-json\/wp\/v2\/tags?post=6247"}],"curies":[{"name":"wp","href":"https:\/\/api.w.org\/{rel}","templated":true}]}}