{"id":6287,"date":"2025-02-12T15:33:38","date_gmt":"2025-02-12T14:33:38","guid":{"rendered":"http:\/\/blog.telenuovo.it\/francesco-barana\/?p=6287"},"modified":"2025-02-12T15:33:39","modified_gmt":"2025-02-12T14:33:39","slug":"zanzibar","status":"publish","type":"post","link":"https:\/\/blog.telenuovo.it\/francesco-barana\/2025\/02\/12\/zanzibar\/","title":{"rendered":"ZANZI(BAR)"},"content":{"rendered":"\n<p>A Zanzibar dicono \u201cpole pole\u201d (che in swahili significa adagio adagio) e \u201cHakuna Matata\u201d (no pensieri\/no problemi). Un linguaggio, uno stile di vita. Fatto suo, ieri, scusate il gioco di parole, anche da Zanzi, di nome Italo, il nuovo presidente esecutivo del Verona, 50enne avvocato, manager, fu sportivo ed ex politico, che nel 2006 &#8211; ai tempi della sua candidatura alle elezioni di Midterm con i Repubblicani a New York (dove \u00e8 nato) &#8211; venne definito dal progressista New York Times \u201ccarismatico, istruito, combattivo e anche glamour\u201d.<\/p>\n\n\n\n<p>E, aggiungo, tuttora \u201cpolitico\u201d. Gi\u00e0, perch\u00e9 ieri la montagna ha partorito il topolino.\u00a0 L\u2019attesa conferenza stampa dell\u2019ex Ceo della Roma, in un divertente italiano spagnoleggiante (i suoi genitori sono cileni e ha lavorato a lungo con l\u2019America Latina), non ha chiarito per nulla cosa \u00e8, cosa vuole e come agir\u00e0 Presidio Investors, il fondo d\u2019investimento da poco proprietario del club.<\/p>\n\n\n\n<p>Zanzi, uomo brillante, educato, affabile, pragmatico e camaleontico &#8211;  nel 2008 sostenitore sfegatato di McCain contro Obama, pochi anni dopo a cena accanto all\u2019allora presidente degli Stati Uniti in una serata romana \u2013 ieri \u00e8 stato vago, generico, quasi ineffabile, impermeabile alla sostanza. Non ha svelato alcun dettaglio economico, n\u00e9 dell\u2019acquisizione n\u00e9 sulle future ricapitalizzazioni per dare slancio al progetto (\u201ci termini sono riservati\u201d). Ha detto che la societ\u00e0 ha potenzialit\u00e0 commerciali, ma non ha chiarito come avverr\u00e0 l\u2019up grade; sullo stadio ha ammesso non esserci nulla di concreto e che comunque non \u00e8 cruciale e non rientra nel business plan; ha detto che Presidio ha fiducia nella squadra (\u201cha potenziale\u201d) e non c\u2019\u00e8 la paura di retrocedere, salvo non specificare quale sarebbe il piano qualora accadesse (si \u00e8 limitato a un &#8220;siamo pronti in qualsiasi caso\u201d). Certo, ha definito \u201cinfelice\u201d l\u2019uscita pubblica di Setti su Belahyane e Lotito, ma quello \u00e8 sembrato un bonario rimbrotto (\u201cnon facciamo drammi\u201d), il minimo sindacale date le circostanze, pi\u00f9 che una reale presa di distanza. \u00c8 stato sfuggente sul futuro dello stesso Setti, definito &#8211; con una certa ambiguit\u00e0 nel sottotesto &#8211; \u201cconsulente esterno\u201d, mentre \u00e8 parso pi\u00f9 deciso sulla centralit\u00e0 di Simona Gio\u00e8 (dg) e Sean Sogliano (ds); e non si \u00e8 pronunciato sul futuro tecnico del Verona (\u201c\u00e8 prematuro parlare della prossima sessione di mercato\u201d).\u00a0 La conferenza si \u00e8 chiusa con il trito e ritrito \u201cappello\u201d agli imprenditori veronesi ad \u201centrare nel progetto\u201d (quale?) investendo come sponsor.\u00a0<\/p>\n\n\n\n<p>Insomma, ancora non ci \u00e8 dato a sapere qual \u00e8 la leva economica-finanziaria, il motivo di business che giustifica l\u2019acquisto del club, dal momento che non \u00e8 lo stadio e assodato che i ricavi li incrementi restando in serie A (eppure a gennaio la squadra, in lotta per non retrocedere, \u00e8 stata indebolita). Sappiamo invece, come ha riportato Calcio e Finanza, che \u00e8 stata creata una catena di controllo che da Austin, dove ha sede il fondo e dove \u00e8 ubicata l\u2019attivit\u00e0 centrale, passa anche per societ\u00e0 in Delaware e Lussemburgo. Tutto molto finanziario e complesso.<\/p>\n\n\n\n<p>Il resto, dicevamo, rimane ignoto e non chiarito da Zanzi in un\u2019ora di conferenza. A proposito, viene in mente quel cronista che a fine anni 80 intercett\u00f2 in Transatlantico a Montecitorio l\u2019allora segretario della Dc Arnaldo Forlani dicendogli: \u201cLei parla molto senza dire niente\u201d. E l\u2019altro di rimando: \u201cPotrei andare avanti per ore\u201d.<\/p>\n","protected":false},"excerpt":{"rendered":"<p>A Zanzibar dicono \u201cpole pole\u201d (che in swahili significa adagio adagio) e \u201cHakuna Matata\u201d (no pensieri\/no problemi). Un linguaggio, uno stile di vita. Fatto suo, ieri, scusate il gioco di parole, anche da Zanzi, di nome Italo, il nuovo presidente esecutivo del Verona, 50enne avvocato, manager, fu sportivo ed ex politico, che nel 2006 &#8211;&#8230;  <a class=\"excerpt-read-more\" href=\"https:\/\/blog.telenuovo.it\/francesco-barana\/2025\/02\/12\/zanzibar\/\" title=\"Read ZANZI(BAR)\">Leggi tutto &raquo;<\/a><\/p>\n","protected":false},"author":7,"featured_media":0,"comment_status":"open","ping_status":"open","sticky":false,"template":"","format":"standard","meta":[],"categories":[1],"tags":[],"_links":{"self":[{"href":"https:\/\/blog.telenuovo.it\/francesco-barana\/wp-json\/wp\/v2\/posts\/6287"}],"collection":[{"href":"https:\/\/blog.telenuovo.it\/francesco-barana\/wp-json\/wp\/v2\/posts"}],"about":[{"href":"https:\/\/blog.telenuovo.it\/francesco-barana\/wp-json\/wp\/v2\/types\/post"}],"author":[{"embeddable":true,"href":"https:\/\/blog.telenuovo.it\/francesco-barana\/wp-json\/wp\/v2\/users\/7"}],"replies":[{"embeddable":true,"href":"https:\/\/blog.telenuovo.it\/francesco-barana\/wp-json\/wp\/v2\/comments?post=6287"}],"version-history":[{"count":1,"href":"https:\/\/blog.telenuovo.it\/francesco-barana\/wp-json\/wp\/v2\/posts\/6287\/revisions"}],"predecessor-version":[{"id":6288,"href":"https:\/\/blog.telenuovo.it\/francesco-barana\/wp-json\/wp\/v2\/posts\/6287\/revisions\/6288"}],"wp:attachment":[{"href":"https:\/\/blog.telenuovo.it\/francesco-barana\/wp-json\/wp\/v2\/media?parent=6287"}],"wp:term":[{"taxonomy":"category","embeddable":true,"href":"https:\/\/blog.telenuovo.it\/francesco-barana\/wp-json\/wp\/v2\/categories?post=6287"},{"taxonomy":"post_tag","embeddable":true,"href":"https:\/\/blog.telenuovo.it\/francesco-barana\/wp-json\/wp\/v2\/tags?post=6287"}],"curies":[{"name":"wp","href":"https:\/\/api.w.org\/{rel}","templated":true}]}}