{"id":6309,"date":"2025-03-17T12:17:42","date_gmt":"2025-03-17T11:17:42","guid":{"rendered":"http:\/\/blog.telenuovo.it\/francesco-barana\/?p=6309"},"modified":"2025-03-17T14:30:15","modified_gmt":"2025-03-17T13:30:15","slug":"la-maturazione-di-zanetti-da-ideologico-a-pragmatico-fase-nuova-della-sua-carriera","status":"publish","type":"post","link":"https:\/\/blog.telenuovo.it\/francesco-barana\/2025\/03\/17\/la-maturazione-di-zanetti-da-ideologico-a-pragmatico-fase-nuova-della-sua-carriera\/","title":{"rendered":"LA MATURAZIONE DI ZANETTI, DA \u201cIDEOLOGICO\u201d A PRAGMATICO. FASE NUOVA DELLA SUA CARRIERA"},"content":{"rendered":"\n<p><\/p>\n\n\n\n<p>La svolta c\u2019\u00e8 stata dopo il naufragio con l\u2019Atalanta. Paolo Zanetti ha cambiato idea di calcio, lasciando perdere la squadra \u201calta\u201d e il gioco offensivo, e badando al sodo. La filosofia del \u201cprimo non prenderle\u201d sta pagando: vittorie di misura con Fiorentina e Udinese, sconfitte onorevoli (con tanto di recriminazioni) con Juventus e Bologna, quando \u2013 rammento &#8211; ci hanno annullato un gol (Juve) e non concesso un rigore (Bologna) sullo 0-0, a dimostrazione che la trama della nostra partita era corretta.<\/p>\n\n\n\n<p>Qui, nel nostro piccolo, lo avevamo suggerito a suo tempo, non lo scriviamo  per vezzo o ego, ma per sottolineare un passaggio a nostro avviso utilissimo: la critica, anche la pi\u00f9 radicale e antipatica, quanto ha contenuti \u00e8 sempre costruttiva.  Zanetti si \u00e8 convinto tardi e (forse) solo per disperazione che il canovaccio tattico andava riscritto. Ma, dal momento che se n&#8217;\u00e8 convinto, \u00e8 riuscito a trasmetterlo rapidamente alla squadra. Non era scontato ed \u00e8 un suo merito.   <\/p>\n\n\n\n<p>Il fatto \u00e8 che il calcio, pur in continua evoluzione tecnico-tattica, ha dei principi di fondo immutabili: se tu hai talento offensivo (e il Verona innegabilmente ce l\u2019ha per la bravura dei singoli e la cultura tattica dell\u2019allenatore) e limiti difensivi soprattutto in transizione tra le due fasi (per la lentezza dei tuoi centrali e l\u2019assenza di mediani veri), la prima cosa che devi fare \u00e8 proteggere la tua fragilit\u00e0, confidando poi che le qualit\u00e0 che hai davanti emergano. Tradotto: l&#8217;imperativo \u00e8 giocare per non prendere gol, perch\u00e9 in un secondo momento puoi sempre farlo. Se invece ti esponi e capitoli subito, poi metti la partita in salita. Quante volte abbiamo preso gol nel primo tempo, addirittura nella prima mezz\u2019ora? \u00c8 come prendere la bici e cominciare a pedalare sul Mortirolo.<\/p>\n\n\n\n<p>C\u2019\u00e8 una consapevolezza e anche un pizzico di rimpianto: il Verona avrebbe potuto disputare un campionato pi\u00f9 brillante. Infatti appena ha trovato l&#8217;equilibrio tattico si \u00e8 tirato fuori dalle secche. Credo per\u00f2 che Zanetti in questi mesi abbia imparato qualcosa, si sia evoluto e completato. In una parola: \u00e8 maturato. \u00c8 il passaggio obbligato di (quasi) tutti gli allenatori idealisti e \u201cideologici\u201d: a un certo punto della carriera, se vogliono restare a determinati livelli, abbandonano il dogmatismo della prima fase &#8211; quella in cui sei e ti senti rampante e vuoi vincere con il tuo credo, a prescindere dalle caratteristiche dei giocatori &#8211; per adottare uno stile pi\u00f9 pragmatico e pratico; \u201cperch\u00e9 poi sono i calciatori a determinare\u201d (Capello e Allegri dixit), o come ha dichiarato di recente l\u2019ex nostro terzino Gigi De Agostini: \u201cNon ho mai visto un grande allenatore vincere con giocatori scarsi, ma ho visto allenatori scarsi vincere con grandi giocatori\u201d.<\/p>\n\n\n\n<p>Zanetti \u00e8 un profondo conoscitore di calcio sul piano teorico e didattico, pu\u00f2 e deve crescere nella lettura della partita e nella gestione del gruppo (troppo emotiva), mentre si sta completando tatticamente. Credo che questo ultimo mese se lo ricorder\u00e0 per sempre: a Verona sta scrivendo il suo romanzo di formazione. Potrebbe essere la svolta della sua carriera.<\/p>\n","protected":false},"excerpt":{"rendered":"<p>La svolta c\u2019\u00e8 stata dopo il naufragio con l\u2019Atalanta. Paolo Zanetti ha cambiato idea di calcio, lasciando perdere la squadra \u201calta\u201d e il gioco offensivo, e badando al sodo. La filosofia del \u201cprimo non prenderle\u201d sta pagando: vittorie di misura con Fiorentina e Udinese, sconfitte onorevoli (con tanto di recriminazioni) con Juventus e Bologna, quando&#8230;  <a class=\"excerpt-read-more\" href=\"https:\/\/blog.telenuovo.it\/francesco-barana\/2025\/03\/17\/la-maturazione-di-zanetti-da-ideologico-a-pragmatico-fase-nuova-della-sua-carriera\/\" title=\"Read LA MATURAZIONE DI ZANETTI, DA \u201cIDEOLOGICO\u201d A PRAGMATICO. FASE NUOVA DELLA SUA CARRIERA\">Leggi tutto &raquo;<\/a><\/p>\n","protected":false},"author":7,"featured_media":0,"comment_status":"open","ping_status":"open","sticky":false,"template":"","format":"standard","meta":[],"categories":[1],"tags":[],"_links":{"self":[{"href":"https:\/\/blog.telenuovo.it\/francesco-barana\/wp-json\/wp\/v2\/posts\/6309"}],"collection":[{"href":"https:\/\/blog.telenuovo.it\/francesco-barana\/wp-json\/wp\/v2\/posts"}],"about":[{"href":"https:\/\/blog.telenuovo.it\/francesco-barana\/wp-json\/wp\/v2\/types\/post"}],"author":[{"embeddable":true,"href":"https:\/\/blog.telenuovo.it\/francesco-barana\/wp-json\/wp\/v2\/users\/7"}],"replies":[{"embeddable":true,"href":"https:\/\/blog.telenuovo.it\/francesco-barana\/wp-json\/wp\/v2\/comments?post=6309"}],"version-history":[{"count":3,"href":"https:\/\/blog.telenuovo.it\/francesco-barana\/wp-json\/wp\/v2\/posts\/6309\/revisions"}],"predecessor-version":[{"id":6316,"href":"https:\/\/blog.telenuovo.it\/francesco-barana\/wp-json\/wp\/v2\/posts\/6309\/revisions\/6316"}],"wp:attachment":[{"href":"https:\/\/blog.telenuovo.it\/francesco-barana\/wp-json\/wp\/v2\/media?parent=6309"}],"wp:term":[{"taxonomy":"category","embeddable":true,"href":"https:\/\/blog.telenuovo.it\/francesco-barana\/wp-json\/wp\/v2\/categories?post=6309"},{"taxonomy":"post_tag","embeddable":true,"href":"https:\/\/blog.telenuovo.it\/francesco-barana\/wp-json\/wp\/v2\/tags?post=6309"}],"curies":[{"name":"wp","href":"https:\/\/api.w.org\/{rel}","templated":true}]}}