{"id":6430,"date":"2025-11-03T12:32:25","date_gmt":"2025-11-03T11:32:25","guid":{"rendered":"http:\/\/blog.telenuovo.it\/francesco-barana\/?p=6430"},"modified":"2025-11-03T12:47:02","modified_gmt":"2025-11-03T11:47:02","slug":"sfortuna-manchiamo-nei-dettagli","status":"publish","type":"post","link":"https:\/\/blog.telenuovo.it\/francesco-barana\/2025\/11\/03\/sfortuna-manchiamo-nei-dettagli\/","title":{"rendered":"SFORTUNA? S\u00cc, PER\u00d2 MANCHIAMO NEI DETTAGLI"},"content":{"rendered":"\n<p>Sento dire che siamo sfortunati. Di certo non ci gira dritta. Ma davvero vogliamo passare la vita (la stagione) a commiserarci? Certo, \u00e8 un balsamo rassicurante, auto-assolutorio, che ci allontanata da inquietudini e conflitti interiori. Sentimenti fastidiosi, quelli, complessi da vivere, mica una passeggiata di salute. Epper\u00f2 sentimenti che, se gestiti nel modo giusto, possono essere sani, costruttivi. Poi, per carit\u00e0, possiamo continuare a buttarla sul fato, la cattiva sorte: ma siamo sicuri che sia la via maestra? Minimizzare aiuta? Mah.<\/p>\n\n\n\n<p>Credo che sia pi\u00f9 salutare la presa d\u2019atto dei propri errori, che pure ci sono, perch\u00e9 dieci partite (12 con la Coppa Italia) senza vittorie, con sei gol fatti e 16 subiti, non possono essere imputabili (solo) alla sfortuna. Il punto \u00e8 che il Verona \u00e8 organizzato, ha buone trame e una discreta identit\u00e0, ma manca clamorosamente nei dettagli. Che poi in serie A sono quelli che fanno la differenza e segnano le stagioni. &nbsp;Il dettaglio, per esempio, di non mettere degli uomini in marcatura fuori area nei corner (primo gol dell\u2019Inter); il dettaglio, se vogliamo, di non fare pressing su Barella al 94\u00b0 e dargli modo e tempo di crossare comodamente (la sfortuna \u00e8 l\u2019autogol di Frese, ma non \u00e8 sfortuna la situazione che l\u2019ha creata). Il dettaglio di approcci troppo morbidi alle partite, con la conseguenza di subire gol nei primi minuti (con Lazio, Juve, Como e Inter). Il dettaglio di schiacciarsi troppo indietro nei momenti caldi, andando cos\u00ec nel panico per prestare il fianco facilmente a gol in zona Cesarini (con Cagliari, Como e Inter) \u2013 segno questo di fragilit\u00e0 emotiva e scarsa personalit\u00e0.<\/p>\n\n\n\n<p>Il diavolo si annida nei dettagli. Meglio rendersene conto in fretta, altrimenti continueremo a buttare via punti e occasioni. E, certo, ci faranno e ci faremo i complimenti. E ci diranno e ci diremo che siamo belli da morire. Ma non c\u2019\u00e8 niente di pi\u00f9 beffardo delle pacche sulla spalla che riceve un vinto. E&#8217; un fal\u00f2 delle vanit\u00e0 che brucia in fretta il vano narcisismo. <\/p>\n","protected":false},"excerpt":{"rendered":"<p>Sento dire che siamo sfortunati. Di certo non ci gira dritta. Ma davvero vogliamo passare la vita (la stagione) a commiserarci? Certo, \u00e8 un balsamo rassicurante, auto-assolutorio, che ci allontanata da inquietudini e conflitti interiori. Sentimenti fastidiosi, quelli, complessi da vivere, mica una passeggiata di salute. Epper\u00f2 sentimenti che, se gestiti nel modo giusto, possono&#8230;  <a class=\"excerpt-read-more\" href=\"https:\/\/blog.telenuovo.it\/francesco-barana\/2025\/11\/03\/sfortuna-manchiamo-nei-dettagli\/\" title=\"Read SFORTUNA? S\u00cc, PER\u00d2 MANCHIAMO NEI DETTAGLI\">Leggi tutto &raquo;<\/a><\/p>\n","protected":false},"author":7,"featured_media":0,"comment_status":"open","ping_status":"open","sticky":false,"template":"","format":"standard","meta":[],"categories":[1],"tags":[],"_links":{"self":[{"href":"https:\/\/blog.telenuovo.it\/francesco-barana\/wp-json\/wp\/v2\/posts\/6430"}],"collection":[{"href":"https:\/\/blog.telenuovo.it\/francesco-barana\/wp-json\/wp\/v2\/posts"}],"about":[{"href":"https:\/\/blog.telenuovo.it\/francesco-barana\/wp-json\/wp\/v2\/types\/post"}],"author":[{"embeddable":true,"href":"https:\/\/blog.telenuovo.it\/francesco-barana\/wp-json\/wp\/v2\/users\/7"}],"replies":[{"embeddable":true,"href":"https:\/\/blog.telenuovo.it\/francesco-barana\/wp-json\/wp\/v2\/comments?post=6430"}],"version-history":[{"count":5,"href":"https:\/\/blog.telenuovo.it\/francesco-barana\/wp-json\/wp\/v2\/posts\/6430\/revisions"}],"predecessor-version":[{"id":6440,"href":"https:\/\/blog.telenuovo.it\/francesco-barana\/wp-json\/wp\/v2\/posts\/6430\/revisions\/6440"}],"wp:attachment":[{"href":"https:\/\/blog.telenuovo.it\/francesco-barana\/wp-json\/wp\/v2\/media?parent=6430"}],"wp:term":[{"taxonomy":"category","embeddable":true,"href":"https:\/\/blog.telenuovo.it\/francesco-barana\/wp-json\/wp\/v2\/categories?post=6430"},{"taxonomy":"post_tag","embeddable":true,"href":"https:\/\/blog.telenuovo.it\/francesco-barana\/wp-json\/wp\/v2\/tags?post=6430"}],"curies":[{"name":"wp","href":"https:\/\/api.w.org\/{rel}","templated":true}]}}