{"id":6443,"date":"2025-11-25T19:07:08","date_gmt":"2025-11-25T18:07:08","guid":{"rendered":"http:\/\/blog.telenuovo.it\/francesco-barana\/?p=6443"},"modified":"2025-11-25T19:10:14","modified_gmt":"2025-11-25T18:10:14","slug":"ora-pero-tocca-a-sogliano","status":"publish","type":"post","link":"https:\/\/blog.telenuovo.it\/francesco-barana\/2025\/11\/25\/ora-pero-tocca-a-sogliano\/","title":{"rendered":"ORA PER\u00d2 TOCCA A SOGLIANO"},"content":{"rendered":"\n<p><\/p>\n\n\n\n<p>Ora la palla ce l\u2019ha Sogliano. Possiamo dire e scrivere qualunque cosa su Zanetti (\u00e8 risaputo che in estate avessi delle forti perplessit\u00e0 sulla sua riconferma), ma sarebbe acqua fresca. Il punto adesso \u00e8 capire come uscirne: e tocca al direttore sportivo &#8211; uomo dai pieni poteri in via Olanda &#8211; trovare la soluzione. Avanti con l\u2019allenatore, fino in fondo, come l\u2019anno scorso? Oppure cambiare? Sicuramente fino a sabato (Genoa a Marassi) non succeder\u00e0 nulla.\u00a0\u00a0 Tuttavia con 6 punti in 12 partite e una squadra che involve anzich\u00e9 migliorare, \u00e8 tempo di avviare serie riflessioni sul futuro.<\/p>\n\n\n\n<p>Ma attenzione, qualsiasi sia la scelta, non pu\u00f2 dipendere, nel bene o nel male, solo dal risultato di sabato prossimo a Marassi. Prima o poi il Verona una vittoria la beccher\u00e0, \u00e8 la legge dei grandi numeri, il nodo vero \u00e8 capire se questa squadra \u2013 cos\u00ec allenata, cos\u00ec disposta, cos\u00ec gestita \u2013 \u00e8 in grado di fare un filotto che risistemi la classifica. Non si pu\u00f2 vivere alla giornata, altrimenti si perde solo tempo. Bisogna sapere guardare il quadro generale, affidarsi alla giusta miscela di ragione e istinto per capire se ci sono ancora i margini per la continuit\u00e0, o se sia meglio voltare pagina.<\/p>\n\n\n\n<p>Sappiamo che Sogliano \u00e8 un conservativo, fosse per lui non cambierebbe mai. Ha scelto lui Zanetti, col quale ha costruito un feeling umano e dialettico totale. Sogliano, si sa, \u00e8 un ds anomalo, \u201cingombrante\u201d nel senso di totalizzante. Vuole esserci, incidere, essere sul campo. E quando trova un rapporto con un tecnico che accetta queste sue caratteristiche, non vorrebbe mai cambiarlo.<\/p>\n\n\n\n<p>E&#8217; chiaro dunque che Sogliano preferirebbe, come nella scorsa stagione, provare ad agire dall\u2019interno, senza scossoni. Ma baster\u00e0? Ogni campionato fa storia a s\u00e9 e questa \u00e8 una squadra diversa dall\u2019anno scorso. Manca del tutto un gruppo storico, anche ridotto,&nbsp; e lo spogliatoio \u00e8 una babele di lingue, comportamenti, culture, con calciatori di livello internazionale che, seppur seri professionisti, hanno e avranno sempre mercato. Insomma, non ci sono riferimenti morali a cui aggrapparsi (succede al Verona e succede dappertutto, \u00e8 il nichilismo del calcio di oggi, ma siamo noi a essere ultimi in classifica e a dover rimediare).<\/p>\n\n\n\n<p>Tradotto, la crisi non si risolve con l\u2019etica, che non sarebbe capita dallo spogliatoio, ma dando semplicemente ai giocatori riferimenti tecnici e tattici pi\u00f9 solidi. La lingua del calcio oggi \u00e8 quella: non servono predicozzi, o discorsi motivazionali, ma strumenti di calcio per andare in campo pi\u00f9 sicuri. Con Zanetti, o senza.<\/p>\n","protected":false},"excerpt":{"rendered":"<p>Ora la palla ce l\u2019ha Sogliano. Possiamo dire e scrivere qualunque cosa su Zanetti (\u00e8 risaputo che in estate avessi delle forti perplessit\u00e0 sulla sua riconferma), ma sarebbe acqua fresca. Il punto adesso \u00e8 capire come uscirne: e tocca al direttore sportivo &#8211; uomo dai pieni poteri in via Olanda &#8211; trovare la soluzione. Avanti&#8230;  <a class=\"excerpt-read-more\" href=\"https:\/\/blog.telenuovo.it\/francesco-barana\/2025\/11\/25\/ora-pero-tocca-a-sogliano\/\" title=\"Read ORA PER\u00d2 TOCCA A SOGLIANO\">Leggi tutto &raquo;<\/a><\/p>\n","protected":false},"author":7,"featured_media":0,"comment_status":"open","ping_status":"open","sticky":false,"template":"","format":"standard","meta":[],"categories":[1],"tags":[],"_links":{"self":[{"href":"https:\/\/blog.telenuovo.it\/francesco-barana\/wp-json\/wp\/v2\/posts\/6443"}],"collection":[{"href":"https:\/\/blog.telenuovo.it\/francesco-barana\/wp-json\/wp\/v2\/posts"}],"about":[{"href":"https:\/\/blog.telenuovo.it\/francesco-barana\/wp-json\/wp\/v2\/types\/post"}],"author":[{"embeddable":true,"href":"https:\/\/blog.telenuovo.it\/francesco-barana\/wp-json\/wp\/v2\/users\/7"}],"replies":[{"embeddable":true,"href":"https:\/\/blog.telenuovo.it\/francesco-barana\/wp-json\/wp\/v2\/comments?post=6443"}],"version-history":[{"count":2,"href":"https:\/\/blog.telenuovo.it\/francesco-barana\/wp-json\/wp\/v2\/posts\/6443\/revisions"}],"predecessor-version":[{"id":6446,"href":"https:\/\/blog.telenuovo.it\/francesco-barana\/wp-json\/wp\/v2\/posts\/6443\/revisions\/6446"}],"wp:attachment":[{"href":"https:\/\/blog.telenuovo.it\/francesco-barana\/wp-json\/wp\/v2\/media?parent=6443"}],"wp:term":[{"taxonomy":"category","embeddable":true,"href":"https:\/\/blog.telenuovo.it\/francesco-barana\/wp-json\/wp\/v2\/categories?post=6443"},{"taxonomy":"post_tag","embeddable":true,"href":"https:\/\/blog.telenuovo.it\/francesco-barana\/wp-json\/wp\/v2\/tags?post=6443"}],"curies":[{"name":"wp","href":"https:\/\/api.w.org\/{rel}","templated":true}]}}