{"id":6461,"date":"2026-01-08T10:35:54","date_gmt":"2026-01-08T09:35:54","guid":{"rendered":"http:\/\/blog.telenuovo.it\/francesco-barana\/?p=6461"},"modified":"2026-01-08T10:41:32","modified_gmt":"2026-01-08T09:41:32","slug":"gli-equivoci-da-risolvere-per-trovare-continuita","status":"publish","type":"post","link":"https:\/\/blog.telenuovo.it\/francesco-barana\/2026\/01\/08\/gli-equivoci-da-risolvere-per-trovare-continuita\/","title":{"rendered":"GLI EQUIVOCI DA RISOLVERE PER TROVARE CONTINUIT\u00c0"},"content":{"rendered":"\n<p>Non \u00e8 questione (solo) di \u201cpalle\u201d, come ha detto il nostro allenatore. \u00c8 questione anche (soprattutto?) di atteggiamento tattico, ergo di filosofia di gioco. Il Verona non pu\u00f2 pensare solo di giocare arrembante e lasciare le linee di difesa scoperte. Non funziona cos\u00ec per chi si deve salvare e, nello specifico, non \u00e8 il modus operandi pi\u00f9 adatto alle caratteristiche della nostra rosa. Meglio un atteggiamento pi\u00f9 equilibrato, pressing di qualche metro pi\u00f9 basso, filtro tra mediana e difesa, ripartenze immediate e verticali. Come a Napoli. Lo puoi fare perch\u00e9 Nunez, Bella-Kotchap, Valentini e pure il criticato Nelsson (ultimamente appannato, ma &nbsp;davvero mettiamo in discussione un nazionale danese?) sanno marcare e giocare sotto pressione; lo stesso (sottovalutato) Niasse sa soffrire e fare legna l\u00ec in mezzo. E hai i giocatori giusti per verticalizzare, guadagnare lo spazio e la profondit\u00e0, con profili adatti al box to box come Orban, Giovane, Bradaric, Bernede e, quando rientra, Belghali. &nbsp;&nbsp;<\/p>\n\n\n\n<p>La discontinuit\u00e0 del Verona trova molte spiegazioni in questo equivoco di fondo: Zanetti crede in un calcio molto offensivo, lo ha sempre praticato (a Empoli il primo anno gli riusc\u00ec benissimo, ma aveva una squadra nata per attaccare), ma con questo Verona non pu\u00f2 funzionare, vai in difficolt\u00e0 nella fase di non possesso perch\u00e9 in transizione (cio\u00e8 quando perdi palla) non sei schierato bene. Peraltro Serdar, lo stesso Niasse, Gagliardini e Al Musrati non hanno la rapidit\u00e0 adatta per coprire le falle sulle ripartenze avversarie.  Pure l\u2019anno scorso il nostro allenatore trov\u00f2 la quadra solo nel girone di ritorno, dopo la debacle con l\u2019Inter, quando ridisegn\u00f2 un Verona pi\u00f9 solido che fece un filotto di risultati utili consecutivi, poi decisivi per la salvezza.<\/p>\n\n\n\n<p>Purtroppo nelle conferenze stampa la si mette sempre sull\u2019aspetto sentimentale: le motivazioni, la retorica del cosiddetto \u201cattaccamento alla maglia\u201d, gli attributi ecc; se notate il nostro allenatore raramente fa disamine tattiche. \u00c8 un peccato, perch\u00e9 ci aiuterebbe a capire.<\/p>\n\n\n\n<p>L\u2019altro aspetto \u00e8 la tenuta atletica, la capacit\u00e0 di sostenere o meno certi ritmi partita. Il Verona spesso ha sprecato energie, non si \u00e8 gestito sui 90 minuti e ha sofferto la battaglia: non \u00e8 un caso che fatica negli scontri diretti e invece ha ben figurato contro squadre sotto ritmo come Atalanta e Napoli. Anche questo suggerirebbe che sarebbe preferibile essere meno spregiudicati, cos\u00ec da preservare le energie e  durare l\u2019intera partita senza crolli e sbandamenti.<\/p>\n","protected":false},"excerpt":{"rendered":"<p>Non \u00e8 questione (solo) di \u201cpalle\u201d, come ha detto il nostro allenatore. \u00c8 questione anche (soprattutto?) di atteggiamento tattico, ergo di filosofia di gioco. Il Verona non pu\u00f2 pensare solo di giocare arrembante e lasciare le linee di difesa scoperte. Non funziona cos\u00ec per chi si deve salvare e, nello specifico, non \u00e8 il modus&#8230;  <a class=\"excerpt-read-more\" href=\"https:\/\/blog.telenuovo.it\/francesco-barana\/2026\/01\/08\/gli-equivoci-da-risolvere-per-trovare-continuita\/\" title=\"Read GLI EQUIVOCI DA RISOLVERE PER TROVARE CONTINUIT\u00c0\">Leggi tutto &raquo;<\/a><\/p>\n","protected":false},"author":7,"featured_media":0,"comment_status":"open","ping_status":"open","sticky":false,"template":"","format":"standard","meta":[],"categories":[1],"tags":[],"_links":{"self":[{"href":"https:\/\/blog.telenuovo.it\/francesco-barana\/wp-json\/wp\/v2\/posts\/6461"}],"collection":[{"href":"https:\/\/blog.telenuovo.it\/francesco-barana\/wp-json\/wp\/v2\/posts"}],"about":[{"href":"https:\/\/blog.telenuovo.it\/francesco-barana\/wp-json\/wp\/v2\/types\/post"}],"author":[{"embeddable":true,"href":"https:\/\/blog.telenuovo.it\/francesco-barana\/wp-json\/wp\/v2\/users\/7"}],"replies":[{"embeddable":true,"href":"https:\/\/blog.telenuovo.it\/francesco-barana\/wp-json\/wp\/v2\/comments?post=6461"}],"version-history":[{"count":4,"href":"https:\/\/blog.telenuovo.it\/francesco-barana\/wp-json\/wp\/v2\/posts\/6461\/revisions"}],"predecessor-version":[{"id":6472,"href":"https:\/\/blog.telenuovo.it\/francesco-barana\/wp-json\/wp\/v2\/posts\/6461\/revisions\/6472"}],"wp:attachment":[{"href":"https:\/\/blog.telenuovo.it\/francesco-barana\/wp-json\/wp\/v2\/media?parent=6461"}],"wp:term":[{"taxonomy":"category","embeddable":true,"href":"https:\/\/blog.telenuovo.it\/francesco-barana\/wp-json\/wp\/v2\/categories?post=6461"},{"taxonomy":"post_tag","embeddable":true,"href":"https:\/\/blog.telenuovo.it\/francesco-barana\/wp-json\/wp\/v2\/tags?post=6461"}],"curies":[{"name":"wp","href":"https:\/\/api.w.org\/{rel}","templated":true}]}}