{"id":6516,"date":"2026-04-27T16:22:19","date_gmt":"2026-04-27T14:22:19","guid":{"rendered":"http:\/\/blog.telenuovo.it\/francesco-barana\/?p=6516"},"modified":"2026-04-27T17:16:56","modified_gmt":"2026-04-27T15:16:56","slug":"sogliano-prima-scelta-ma-deve-ritrovare-lentusiasmo","status":"publish","type":"post","link":"https:\/\/blog.telenuovo.it\/francesco-barana\/2026\/04\/27\/sogliano-prima-scelta-ma-deve-ritrovare-lentusiasmo\/","title":{"rendered":"SOGLIANO? PRIMA SCELTA, MA DEVE RITROVARE L&#8217;ENTUSIASMO E RIVEDERE ALCUNI ASPETTI"},"content":{"rendered":"\n<p>Pi\u00f9 o meno sta succedendo questo: Presidio Investors ha offerto a Sogliano un contratto fino al 2029 (l\u2019attuale scade nel 2027). Il direttore sportivo sta prendendo tempo. Legittimo, forse aspira a un salto di qualit\u00e0. Il mercato dei ds, nella fascia medio-alta della serie A, comincia a muoversi solo ora ed \u00e8 l\u00ec che Sogliano potrebbe puntare a posizionarsi. Lazio o Roma sono piste possibili, ma non \u00e8 detto si concretizzino. Sogliano dunque potrebbe rimanere, ma a quel punto la domanda sorge spontanea:  ha senso continuare un rapporto se c\u2019\u00e8 anche una sola minima titubanza? <\/p>\n\n\n\n<p>Lo dico per il Verona, ma anche per Sean. La serie B \u00e8 tosta di suo, il Verona certamente tra paracadute e le plusvalenze di Belghali e Bella Kotchap avr\u00e0 delle disponibilit\u00e0 per affrontarla con un budget importante, ma \u00e8 chiaro come il sole che non si pu\u00f2 sbagliare nulla, n\u00e9 l\u2019allenatore n\u00e9 i giocatori. Per chi scrive, Sean \u00e8 indiscutibilmente la prima scelta, non per gratitudine, ma perch\u00e9 \u00e8 bravo. Tuttavia, la conditio sine qua non, \u00e8 che ritrovi quell\u2019entusiasmo che nell\u2019ultimo anno ha smarrito. Poi, certo, dovr\u00e0 rivedere alcuni aspetti del suo metodo di lavoro, perch\u00e9 da capo dell\u2019area tecnica molto di questa retrocessione \u00e8 sua. Il budget lo aveva, ma ha sbagliato gli allenatori (Zanetti e Sammarco) e i giocatori chiave (su tutti Montip\u00f2, Al Musrati e Orban). <\/p>\n\n\n\n<p>Last but not least, se Sogliano dovesse firmare il triennale fino al \u201929 si chiuderebbe una volta per tutte l\u2019equivoco: lui, Zanzi e Presidio hanno s\u00ec ruoli diversi, ma non sono entit\u00e0 separate. Il ds, rimanendo, confermerebbe di sposare pienamente la linea della propriet\u00e0, come del resto \u00e8 stato un anno fa quando scelse di restare. Concetto che deve passare nella sua semplicit\u00e0, senza dover per forza costruire su Sean architetture retoriche da vittima o da eroe, a seconda di come vanno le cose. \u00a0\u00a0\u00a0<\/p>\n","protected":false},"excerpt":{"rendered":"<p>Pi\u00f9 o meno sta succedendo questo: Presidio Investors ha offerto a Sogliano un contratto fino al 2029 (l\u2019attuale scade nel 2027). Il direttore sportivo sta prendendo tempo. Legittimo, forse aspira a un salto di qualit\u00e0. Il mercato dei ds, nella fascia medio-alta della serie A, comincia a muoversi solo ora ed \u00e8 l\u00ec che Sogliano&#8230;  <a class=\"excerpt-read-more\" href=\"https:\/\/blog.telenuovo.it\/francesco-barana\/2026\/04\/27\/sogliano-prima-scelta-ma-deve-ritrovare-lentusiasmo\/\" title=\"Read SOGLIANO? PRIMA SCELTA, MA DEVE RITROVARE L&#8217;ENTUSIASMO E RIVEDERE ALCUNI ASPETTI\">Leggi tutto &raquo;<\/a><\/p>\n","protected":false},"author":7,"featured_media":0,"comment_status":"open","ping_status":"open","sticky":false,"template":"","format":"standard","meta":[],"categories":[1],"tags":[],"_links":{"self":[{"href":"https:\/\/blog.telenuovo.it\/francesco-barana\/wp-json\/wp\/v2\/posts\/6516"}],"collection":[{"href":"https:\/\/blog.telenuovo.it\/francesco-barana\/wp-json\/wp\/v2\/posts"}],"about":[{"href":"https:\/\/blog.telenuovo.it\/francesco-barana\/wp-json\/wp\/v2\/types\/post"}],"author":[{"embeddable":true,"href":"https:\/\/blog.telenuovo.it\/francesco-barana\/wp-json\/wp\/v2\/users\/7"}],"replies":[{"embeddable":true,"href":"https:\/\/blog.telenuovo.it\/francesco-barana\/wp-json\/wp\/v2\/comments?post=6516"}],"version-history":[{"count":4,"href":"https:\/\/blog.telenuovo.it\/francesco-barana\/wp-json\/wp\/v2\/posts\/6516\/revisions"}],"predecessor-version":[{"id":6525,"href":"https:\/\/blog.telenuovo.it\/francesco-barana\/wp-json\/wp\/v2\/posts\/6516\/revisions\/6525"}],"wp:attachment":[{"href":"https:\/\/blog.telenuovo.it\/francesco-barana\/wp-json\/wp\/v2\/media?parent=6516"}],"wp:term":[{"taxonomy":"category","embeddable":true,"href":"https:\/\/blog.telenuovo.it\/francesco-barana\/wp-json\/wp\/v2\/categories?post=6516"},{"taxonomy":"post_tag","embeddable":true,"href":"https:\/\/blog.telenuovo.it\/francesco-barana\/wp-json\/wp\/v2\/tags?post=6516"}],"curies":[{"name":"wp","href":"https:\/\/api.w.org\/{rel}","templated":true}]}}