{"id":2035,"date":"2015-04-20T23:49:10","date_gmt":"2015-04-20T21:49:10","guid":{"rendered":"http:\/\/blog.telenuovo.it\/gianluca-vighini\/?p=2035"},"modified":"2015-04-20T23:49:10","modified_gmt":"2015-04-20T21:49:10","slug":"presidente-setti-adesso-la-palla-passa-a-lei","status":"publish","type":"post","link":"https:\/\/blog.telenuovo.it\/gianluca-vighini\/2015\/04\/20\/presidente-setti-adesso-la-palla-passa-a-lei\/","title":{"rendered":"PRESIDENTE SETTI, ADESSO LA PALLA PASSA A LEI"},"content":{"rendered":"<p>La vittoria contro la Fiorentina mette il Verona (quasi) al sicuro. La squadra scaligera giocher\u00e0 ancora in serie A. Vuol dire che l&#8217;obiettivo minimo di questa stagione \u00e8 stato raggiunto. Ora quello che tutti i tifosi aspettano \u00e8 sapere che cosa riserver\u00e0 il futuro. Con una dirigenza a scadenza a giugno a cui si deve aggiungere la posizione dell&#8217;allenatore.<\/p>\n<p>Premessa doverosa: questa societ\u00e0 ha centrato tutti gli obiettivi da quando \u00e8 arrivata. E&#8217; stata promossa, ha fatto 54 punti al primo anno, ha centrato la salvezza nel secondo difficile anno. Non solo: Setti ha strutturato la societ\u00e0 portando ottimi professionisti. Il settore giovanile \u00e8 un fiore all&#8217;occhiello e anche l\u00ec si sono raggiunti risultati eccezionali e impensabili solo qualche anno fa.<\/p>\n<p>Setti non ha grandi mezzi finanziari. Ma questa non \u00e8 una sua colpa. Non \u00e8 un emiro, non \u00e8 un oligarca russo. E&#8217; un piccolo imprenditore padano che ha la passione del calcio. Sa fare di conto, sa scegliere i collaboratori. Il suo problema \u00e8 che non pu\u00f2 essere presente a Verona e vive di delega. Questo nel calcio non sempre \u00e8 un bene. Lotito \u00e8 un presidente di professione, cos\u00ec come Preziosi, Zamparini o De Laurentiis. Anche Campedelli lo \u00e8. A maggior ragione deve programmare per sopravvivere.<\/p>\n<p>Dopo tre anni il presidente si \u00e8 preso una pausa di riflessione. Questo \u00e8 evidente. Io non escluderei nemmeno l&#8217;ipotesi che gli sia passata l&#8217;idea di cedere. Forse l&#8217;impasse di questo periodo \u00e8 dovuto a questo, forse no. Non lo sapremo mai, tutti smentiranno ma in questi casi sono pi\u00f9 gli indizi che le prove a dire la verit\u00e0.<\/p>\n<p>Ora per\u00f2 la pausa di riflessione deve finire. C&#8217;\u00e8 in ballo il futuro del Verona. Che va programmato. Con Sogliano o senza Sogliano. Con Gardini o senza Gardini. Con Mandorlini o senza Mandorlini. Ma sono questioni che vanno affrontate ad iniziare dal vertice e poi a cascata. E in fretta. Setti deve ridisegnare il Verona e le competenze. Non si pu\u00f2 pi\u00f9 aspettare. Ora la palla ce l&#8217;ha tra i piedi il presidente. Ha il vantaggio di tre stagioni eccellenti e uno staff eccezionale. Il &#8220;suo&#8221; staff che aspetta solo un cenno per scatenare l&#8217;inferno. Come ha fatto sino ad oggi.<\/p>\n","protected":false},"excerpt":{"rendered":"<p>La vittoria contro la Fiorentina mette il Verona (quasi) al sicuro. La squadra scaligera giocher\u00e0 ancora in serie A. Vuol dire che l&#8217;obiettivo minimo di questa stagione \u00e8 stato raggiunto. Ora quello che tutti i tifosi aspettano \u00e8 sapere che cosa riserver\u00e0 il futuro. Con una dirigenza a scadenza a giugno a cui si deve&#8230;  <a class=\"excerpt-read-more\" href=\"https:\/\/blog.telenuovo.it\/gianluca-vighini\/2015\/04\/20\/presidente-setti-adesso-la-palla-passa-a-lei\/\" title=\"Read PRESIDENTE SETTI, ADESSO LA PALLA PASSA A LEI\">Leggi tutto &raquo;<\/a><\/p>\n","protected":false},"author":2,"featured_media":0,"comment_status":"open","ping_status":"open","sticky":false,"template":"","format":"standard","meta":[],"categories":[1],"tags":[],"_links":{"self":[{"href":"https:\/\/blog.telenuovo.it\/gianluca-vighini\/wp-json\/wp\/v2\/posts\/2035"}],"collection":[{"href":"https:\/\/blog.telenuovo.it\/gianluca-vighini\/wp-json\/wp\/v2\/posts"}],"about":[{"href":"https:\/\/blog.telenuovo.it\/gianluca-vighini\/wp-json\/wp\/v2\/types\/post"}],"author":[{"embeddable":true,"href":"https:\/\/blog.telenuovo.it\/gianluca-vighini\/wp-json\/wp\/v2\/users\/2"}],"replies":[{"embeddable":true,"href":"https:\/\/blog.telenuovo.it\/gianluca-vighini\/wp-json\/wp\/v2\/comments?post=2035"}],"version-history":[{"count":1,"href":"https:\/\/blog.telenuovo.it\/gianluca-vighini\/wp-json\/wp\/v2\/posts\/2035\/revisions"}],"predecessor-version":[{"id":2036,"href":"https:\/\/blog.telenuovo.it\/gianluca-vighini\/wp-json\/wp\/v2\/posts\/2035\/revisions\/2036"}],"wp:attachment":[{"href":"https:\/\/blog.telenuovo.it\/gianluca-vighini\/wp-json\/wp\/v2\/media?parent=2035"}],"wp:term":[{"taxonomy":"category","embeddable":true,"href":"https:\/\/blog.telenuovo.it\/gianluca-vighini\/wp-json\/wp\/v2\/categories?post=2035"},{"taxonomy":"post_tag","embeddable":true,"href":"https:\/\/blog.telenuovo.it\/gianluca-vighini\/wp-json\/wp\/v2\/tags?post=2035"}],"curies":[{"name":"wp","href":"https:\/\/api.w.org\/{rel}","templated":true}]}}