{"id":2854,"date":"2016-04-17T21:00:46","date_gmt":"2016-04-17T19:00:46","guid":{"rendered":"http:\/\/blog.telenuovo.it\/gianluca-vighini\/?p=2854"},"modified":"2016-04-17T21:00:46","modified_gmt":"2016-04-17T19:00:46","slug":"peggio-del-parma-fallito","status":"publish","type":"post","link":"https:\/\/blog.telenuovo.it\/gianluca-vighini\/2016\/04\/17\/peggio-del-parma-fallito\/","title":{"rendered":"PEGGIO DEL PARMA FALLITO"},"content":{"rendered":"<p>Per far capire quanto enorme sia il disastro sportivo vi consegno un dato: l&#8217;anno scorso alla giornata numero 33, il Parma, fallito e praticamente senza dirigenza aveva in classifica 16 punti. Ma il Parma era penalizzato di sette punti, quindi la sua &#8220;vera&#8221; classifica sarebbe stata di 23 punti. Uno in pi\u00f9 di questo vergognoso Verona in cui la presunzione non finisce mai e dove gli alibi continuano a campeggiare. E mentre la &#8220;fuga&#8221; dirigenziale continua, dopo l&#8217;addio di Giovanni Gardini, il padre di questo scempio, probabilmente se ne andr\u00e0 anche Bigon.<\/p>\n<p>Setti non parla, aspetta la fine del campionato, ma la sua voce sarebbe importantissima in questo momento. Nemmeno il presidente del Real Madrid aspetta fine campionato per commentare un momento del genere. Offro al presidente, tramite Telenuovo, un&#8217;ampia platea televisiva. Venga a parlare, a spiegare a rispondere alle domande della gente.E soprattutto venga a spiegare come intende ricostruire il Verona. Con Bigon e Gardini che continua a farsi sentire da Milano? Con questi fallimentari dirigenti? Con altri, magari amici di questi? Con Toni? Con o senza Mandorlini che ha ancora un anno di contratto? Quando vuole, ma il pi\u00f9 presto possibile. Questo \u00e8 un invito pubblico, spero non cada nel vuoto.<\/p>\n<p>Stasera ha chiamato a 91&#8242; una telespettatrice. Emozionata e arrabbiata per lo scempio sportivo compiuto, \u00e8 scoppiata in lacrime. E&#8217; stato un momento toccante, tra i pi\u00f9 emozionanti che io abbia mai vissuto durante una mia trasmissione televisiva. Quella signora \u00e8 l&#8217;emblema di tutta la tifoseria, di chi il Verona lo sente dentro, di chi si sente tradito. A questa gente, alla signora Susi in lacrime, Setti deve rispondere.<\/p>\n<p>Un&#8217;ultima cosa: Delneri con le sue scelte oggi si \u00e8 rimangiato tutto. Della sua filosofia calcistica non resta niente. Questo suo Verona non sa pi\u00f9 di nulla. Non \u00e8 lui il colpevole principale, ma in questo fallimento ci ha messo anche del suo. Ha appoggiato per esempio una campagna di gennaio che invece di rafforzare la squadra l&#8217;ha indebolita, tesa solo a fare cassa. E poi l&#8217;assurdo tiramolla con Toni e Pazzini, corredato da fantasiose motivazioni tecniche. Fossi in lui rassegnerei le dimissioni. Sarebbe un atto di dignit\u00e0. Ed oggi ce n&#8217;\u00e8 molto bisogno nel putrido stagno che \u00e8 diventato il Verona.<\/p>\n","protected":false},"excerpt":{"rendered":"<p>Per far capire quanto enorme sia il disastro sportivo vi consegno un dato: l&#8217;anno scorso alla giornata numero 33, il Parma, fallito e praticamente senza dirigenza aveva in classifica 16 punti. Ma il Parma era penalizzato di sette punti, quindi la sua &#8220;vera&#8221; classifica sarebbe stata di 23 punti. Uno in pi\u00f9 di questo vergognoso&#8230;  <a class=\"excerpt-read-more\" href=\"https:\/\/blog.telenuovo.it\/gianluca-vighini\/2016\/04\/17\/peggio-del-parma-fallito\/\" title=\"Read PEGGIO DEL PARMA FALLITO\">Leggi tutto &raquo;<\/a><\/p>\n","protected":false},"author":2,"featured_media":0,"comment_status":"open","ping_status":"open","sticky":false,"template":"","format":"standard","meta":[],"categories":[1],"tags":[],"_links":{"self":[{"href":"https:\/\/blog.telenuovo.it\/gianluca-vighini\/wp-json\/wp\/v2\/posts\/2854"}],"collection":[{"href":"https:\/\/blog.telenuovo.it\/gianluca-vighini\/wp-json\/wp\/v2\/posts"}],"about":[{"href":"https:\/\/blog.telenuovo.it\/gianluca-vighini\/wp-json\/wp\/v2\/types\/post"}],"author":[{"embeddable":true,"href":"https:\/\/blog.telenuovo.it\/gianluca-vighini\/wp-json\/wp\/v2\/users\/2"}],"replies":[{"embeddable":true,"href":"https:\/\/blog.telenuovo.it\/gianluca-vighini\/wp-json\/wp\/v2\/comments?post=2854"}],"version-history":[{"count":2,"href":"https:\/\/blog.telenuovo.it\/gianluca-vighini\/wp-json\/wp\/v2\/posts\/2854\/revisions"}],"predecessor-version":[{"id":2860,"href":"https:\/\/blog.telenuovo.it\/gianluca-vighini\/wp-json\/wp\/v2\/posts\/2854\/revisions\/2860"}],"wp:attachment":[{"href":"https:\/\/blog.telenuovo.it\/gianluca-vighini\/wp-json\/wp\/v2\/media?parent=2854"}],"wp:term":[{"taxonomy":"category","embeddable":true,"href":"https:\/\/blog.telenuovo.it\/gianluca-vighini\/wp-json\/wp\/v2\/categories?post=2854"},{"taxonomy":"post_tag","embeddable":true,"href":"https:\/\/blog.telenuovo.it\/gianluca-vighini\/wp-json\/wp\/v2\/tags?post=2854"}],"curies":[{"name":"wp","href":"https:\/\/api.w.org\/{rel}","templated":true}]}}