{"id":3465,"date":"2017-01-12T13:23:08","date_gmt":"2017-01-12T12:23:08","guid":{"rendered":"http:\/\/blog.telenuovo.it\/gianluca-vighini\/?p=3465"},"modified":"2017-01-12T13:23:08","modified_gmt":"2017-01-12T12:23:08","slug":"il-mercato-da-non-sbagliare","status":"publish","type":"post","link":"https:\/\/blog.telenuovo.it\/gianluca-vighini\/2017\/01\/12\/il-mercato-da-non-sbagliare\/","title":{"rendered":"IL MERCATO DA NON SBAGLIARE"},"content":{"rendered":"<p>Siamo nella fase calda del mercato. Fusco, Pecchia e Setti si sono parlati. Non sar\u00e0 un mercato che stravolger\u00e0 il Verona, questo lo si \u00e8 capito. Sarebbe anche sbagliato. Da &#8220;riparare&#8221; non c&#8217;\u00e8 molto in una squadra prima in classifica. In realt\u00e0, per\u00f2, il passaggio di gennaio \u00e8 molto importante. La squadra costruita da Fusco non \u00e8 stata una macchina perfetta. Ha preso delle imbarcate terribili, ha sbandato pericolosamente, poi \u00e8 tornata in carreggiata. E&#8217; una squadra che ha bisogno di &#8220;rinforzi&#8221;. Quanti e quali devono saperlo i due delegati alla parte tecnica. Ma una cosa si pu\u00f2 dire. Chi arriva deve essere un valore aggiunto, giocatori veri che possano servire da qui alla fine.<\/p>\n<p>Come dicevo, non \u00e8 tempo di scommesse. Ora si fa sul serio, perch\u00e8 dopo questo passaggio di gennaio, si torna a lottare in apnea fino a maggio. E quindi non sar\u00e0 pi\u00f9 possibile n\u00e8 &#8220;riparare&#8221; n\u00e8 rafforzare. Il rischio che si corre \u00e8 troppo alto. Poich\u00e8 la storia insegna, facciamo ricorso alla nostra memoria. In una sessione di mercato di &#8220;riparazione&#8221; (allora non era gennaio&#8230;) Pastorello consegn\u00f2 a Prandelli tre uomini fondamentali come Melis, Marasco e Guidoni. Il Verona torn\u00f2 in serie A. Lo stesso Pastorello, anni dopo, ferm\u00f2 la corsa del Verona di Ficcadenti, togliendo un tassello fondamentale come Italiano, prendendo Rosina e Pizzinat e Soligo. Recentemente, Sogliano prese Sgrigna e Agostini e il Verona vol\u00f2 verso la A. Bigon l&#8217;anno scorso complet\u00f2 il suo disastro tecnico cedendo il cedibile e dando a Delneri (che accett\u00f2 supinamente&#8230;) Samir, Rebic, Gilberto, Emanuelson e Furman. Sappiamo com&#8217;\u00e8 andata.<\/p>\n<p>Ecco perch\u00e9 questo passaggio \u00e8 fondamentale. Mi auguro che il Verona non si crogioli nell&#8217;idea di essere pi\u00f9 forte delle altre rinunciando a fare mercato o facendolo senza colpi importanti. Dare un segnale al campionato e alle avversarie \u00e8 il minimo che si richiede all&#8217;Hellas e a Setti.<\/p>\n","protected":false},"excerpt":{"rendered":"<p>Siamo nella fase calda del mercato. Fusco, Pecchia e Setti si sono parlati. Non sar\u00e0 un mercato che stravolger\u00e0 il Verona, questo lo si \u00e8 capito. Sarebbe anche sbagliato. Da &#8220;riparare&#8221; non c&#8217;\u00e8 molto in una squadra prima in classifica. In realt\u00e0, per\u00f2, il passaggio di gennaio \u00e8 molto importante. La squadra costruita da Fusco&#8230;  <a class=\"excerpt-read-more\" href=\"https:\/\/blog.telenuovo.it\/gianluca-vighini\/2017\/01\/12\/il-mercato-da-non-sbagliare\/\" title=\"Read IL MERCATO DA NON SBAGLIARE\">Leggi tutto &raquo;<\/a><\/p>\n","protected":false},"author":2,"featured_media":0,"comment_status":"open","ping_status":"open","sticky":false,"template":"","format":"standard","meta":[],"categories":[1],"tags":[],"_links":{"self":[{"href":"https:\/\/blog.telenuovo.it\/gianluca-vighini\/wp-json\/wp\/v2\/posts\/3465"}],"collection":[{"href":"https:\/\/blog.telenuovo.it\/gianluca-vighini\/wp-json\/wp\/v2\/posts"}],"about":[{"href":"https:\/\/blog.telenuovo.it\/gianluca-vighini\/wp-json\/wp\/v2\/types\/post"}],"author":[{"embeddable":true,"href":"https:\/\/blog.telenuovo.it\/gianluca-vighini\/wp-json\/wp\/v2\/users\/2"}],"replies":[{"embeddable":true,"href":"https:\/\/blog.telenuovo.it\/gianluca-vighini\/wp-json\/wp\/v2\/comments?post=3465"}],"version-history":[{"count":1,"href":"https:\/\/blog.telenuovo.it\/gianluca-vighini\/wp-json\/wp\/v2\/posts\/3465\/revisions"}],"predecessor-version":[{"id":3468,"href":"https:\/\/blog.telenuovo.it\/gianluca-vighini\/wp-json\/wp\/v2\/posts\/3465\/revisions\/3468"}],"wp:attachment":[{"href":"https:\/\/blog.telenuovo.it\/gianluca-vighini\/wp-json\/wp\/v2\/media?parent=3465"}],"wp:term":[{"taxonomy":"category","embeddable":true,"href":"https:\/\/blog.telenuovo.it\/gianluca-vighini\/wp-json\/wp\/v2\/categories?post=3465"},{"taxonomy":"post_tag","embeddable":true,"href":"https:\/\/blog.telenuovo.it\/gianluca-vighini\/wp-json\/wp\/v2\/tags?post=3465"}],"curies":[{"name":"wp","href":"https:\/\/api.w.org\/{rel}","templated":true}]}}