{"id":4443,"date":"2018-02-25T18:39:07","date_gmt":"2018-02-25T17:39:07","guid":{"rendered":"http:\/\/blog.telenuovo.it\/gianluca-vighini\/?p=4443"},"modified":"2018-02-25T18:39:07","modified_gmt":"2018-02-25T17:39:07","slug":"tutte-storie-belle","status":"publish","type":"post","link":"https:\/\/blog.telenuovo.it\/gianluca-vighini\/2018\/02\/25\/tutte-storie-belle\/","title":{"rendered":"TUTTE STORIE (BELLE)"},"content":{"rendered":"<p>C&#8217;\u00e8 il Verona che trascina il pubblico. Finalmente. E Calvano, fuori rosa, quasi fuori dal calcio che dice: &#8220;Capisco chi non credeva in me&#8221;. E poi c&#8217;\u00e8 Mattia Valoti che diventa uno splendido airone. E c&#8217;\u00e8 il Verona che torna a due punti dal Crotone (in realt\u00e0 sono tre&#8230;) che perde contro la Spal. E c&#8217;\u00e8 un finale tutto da scrivere che potrebbe diventare bellissimo dopo che abbiamo vissuto la rassegnazione. E c&#8217;\u00e8 stata una settimana in cui Setti ha accusato (ancora) Sogliano e Sogliano che non aveva mai parlato che ha risposto con una lettera dettagliata.<\/p>\n<p>Essere tifoso del Verona \u00e8 una delle esperienze pi\u00f9 incredibili che la vita ti concede. Non ci potr\u00e0 mai essere normalit\u00e0 n\u00e9 banalit\u00e0. Un eterno ottovolante che ci divora l&#8217;anima, facendoci passare dall&#8217;infinita tristezza all&#8217;entusiamo pi\u00f9 incredibile, in cui tante storie orribili si intrecciano poi con tante storie belle come quelle di oggi. A Setti che mi diceva che il Verona non \u00e8 una public company ho detto che nessuna azienda privata muove tanto sentimento come il Verona. Di certo non lo far\u00e0 mai la sua (bella) azienda di moda. Il Verona \u00e8 una cosa diversa che ti prende sotto la pelle e diventa sangue e si trasforma in passione. E&#8217; un sorriso e una litigata, \u00e8 poi un abbraccio quando Valoti segna e quando Nicolas si butta per terra dopo una parata banale.<\/p>\n<p>Ho stimato Sogliano e mi piaceva quello che aveva costruito con Setti. Quei due favolosi anni in serie A, pi\u00f9 la promozione, sono la credibilit\u00e0 che ha legittimato Setti a Verona. L&#8217;inizio di un progetto che poteva essere corretto, ma secondo me mai distrutto. Sogliano e Mandorlini che qualcuno voleva in concorrenza, in realt\u00e0 erano una &#8220;strana-coppia&#8221; che funzionava benissimo. E abbiamo visto calcio fantastico e campioni che ora ci sembrano lontanissimi. Ma che in realt\u00e0 sono ancora vicini a noi. Sar\u00e0 un caso, ma Mattia Valoti e Simone Calvano, a Verona li ha portati proprio Sogliano. Il resto, chiacchiere che il vento gelato si porter\u00e0 via. Cos\u00ec come si porter\u00e0 via Pecchia e Fusco e un giorno Setti che vender\u00e0 appena trover\u00e0 un acquirente all&#8217;altezza. Perch\u00e9 solo il Verona resta. E in molti se ne dimenticano&#8230;<\/p>\n","protected":false},"excerpt":{"rendered":"<p>C&#8217;\u00e8 il Verona che trascina il pubblico. Finalmente. E Calvano, fuori rosa, quasi fuori dal calcio che dice: &#8220;Capisco chi non credeva in me&#8221;. E poi c&#8217;\u00e8 Mattia Valoti che diventa uno splendido airone. E c&#8217;\u00e8 il Verona che torna a due punti dal Crotone (in realt\u00e0 sono tre&#8230;) che perde contro la Spal. E&#8230;  <a class=\"excerpt-read-more\" href=\"https:\/\/blog.telenuovo.it\/gianluca-vighini\/2018\/02\/25\/tutte-storie-belle\/\" title=\"Read TUTTE STORIE (BELLE)\">Leggi tutto &raquo;<\/a><\/p>\n","protected":false},"author":2,"featured_media":0,"comment_status":"open","ping_status":"open","sticky":false,"template":"","format":"standard","meta":[],"categories":[1],"tags":[],"_links":{"self":[{"href":"https:\/\/blog.telenuovo.it\/gianluca-vighini\/wp-json\/wp\/v2\/posts\/4443"}],"collection":[{"href":"https:\/\/blog.telenuovo.it\/gianluca-vighini\/wp-json\/wp\/v2\/posts"}],"about":[{"href":"https:\/\/blog.telenuovo.it\/gianluca-vighini\/wp-json\/wp\/v2\/types\/post"}],"author":[{"embeddable":true,"href":"https:\/\/blog.telenuovo.it\/gianluca-vighini\/wp-json\/wp\/v2\/users\/2"}],"replies":[{"embeddable":true,"href":"https:\/\/blog.telenuovo.it\/gianluca-vighini\/wp-json\/wp\/v2\/comments?post=4443"}],"version-history":[{"count":1,"href":"https:\/\/blog.telenuovo.it\/gianluca-vighini\/wp-json\/wp\/v2\/posts\/4443\/revisions"}],"predecessor-version":[{"id":4446,"href":"https:\/\/blog.telenuovo.it\/gianluca-vighini\/wp-json\/wp\/v2\/posts\/4443\/revisions\/4446"}],"wp:attachment":[{"href":"https:\/\/blog.telenuovo.it\/gianluca-vighini\/wp-json\/wp\/v2\/media?parent=4443"}],"wp:term":[{"taxonomy":"category","embeddable":true,"href":"https:\/\/blog.telenuovo.it\/gianluca-vighini\/wp-json\/wp\/v2\/categories?post=4443"},{"taxonomy":"post_tag","embeddable":true,"href":"https:\/\/blog.telenuovo.it\/gianluca-vighini\/wp-json\/wp\/v2\/tags?post=4443"}],"curies":[{"name":"wp","href":"https:\/\/api.w.org\/{rel}","templated":true}]}}