{"id":4677,"date":"2018-07-12T06:04:52","date_gmt":"2018-07-12T04:04:52","guid":{"rendered":"https:\/\/blog.telenuovo.it\/gianluca-vighini\/?p=4677"},"modified":"2018-07-12T06:04:52","modified_gmt":"2018-07-12T04:04:52","slug":"la-nostra-battaglia-e-soprattutto-la-vostra-battaglia","status":"publish","type":"post","link":"https:\/\/blog.telenuovo.it\/gianluca-vighini\/2018\/07\/12\/la-nostra-battaglia-e-soprattutto-la-vostra-battaglia\/","title":{"rendered":"LA NOSTRA BATTAGLIA E&#8217; SOPRATTUTTO LA VOSTRA BATTAGLIA"},"content":{"rendered":"<p>Uzzo, Cannella, Pastorello. Pensavamo di averle viste tutte. E pensavamo di aver toccato il fondo. Invece ci mancava Maurizio Setti da Carpi. Il quale a suo modo un posto nella storia del Verona se l&#8217;\u00e8 ritagliato: prima facendo i due pi\u00f9 vergognosi campionati del Verona in serie A e poi escludendo una testata e un giornalista di quella testata da una conferenza stampa. Un fatto gravissimo che mai a Verona \u00e8 accaduto. Nemmeno con Uzzo, Cannella e Pastorello i quali mai si sono sognati di fare una cosa del genere.<\/p>\n<p>I fatti li conoscete: ieri \u00e8 stato negato l&#8217;accredito al nostro Francesco Barana per partecipare alla grottesca conferenza stampa (grottesca perch\u00e9 senza orario) di D&#8217;Amico e Grosso. E&#8217; evidente, ed ora Setti si \u00e8 svelato pienamente, che a lui e al suo entourage danno fastidio le critiche. Altra spiegazione non c&#8217;\u00e8 per questa esclusione. Io non so chi stia consigliando Setti in questo momento: forse il nuovo direttore sportivo del Mantova, forse qualche altro dirigente che in passato ha lavorato per la Reggina e per il Napoli e in questo modo vuole testimoniare il suo attaccamento e la sua totale adesione all&#8217;identit\u00e0 veronese. So che tutte queste cose non ci piegheranno e che questa non \u00e8 la nostra battaglia, ma la vostra. E ora, cari lettori e cari tifosi del Verona, vi spiego perch\u00e8.<\/p>\n<p>Una voce libera \u00e8 la voce di tutti. E&#8217; il sale della democrazia, \u00e8 il pepe del nostro vivere. Non \u00e8 retorica, \u00e8 proprio cos\u00ec. Non capirlo vuol dire condannarsi al suicidio, cos\u00ec come dire &#8220;affari vostri&#8221;. In quel momento, quando lo fate, fate esattamente il gioco di Setti che vuole spegnere questa libert\u00e0. Faccio esempi pratici: se a Verona nessuno pubblica pi\u00f9 le inchieste dell&#8217;Espresso sul Verona o d\u00e0 voce alla lettura dei bilanci di Verona col Cuore, sapete chi lo fa? Nessuno. Perch\u00e9 Setti attraverso i suoi dirigenti intima, aleggia querele, fa venire paura. Per farlo, per pubblicare quelle cose che danno fastidio, serve coraggio, serve avere la schiena diritta.<\/p>\n<p>Fatevi un giro sui siti che si occupano del Verona, fatevi un giro sulle pagine sportive dei giornali e andate a vedere in quanti hanno pubblicato i comunicati di &#8220;Verona col cuore&#8221; in quei giorni. Vi abbreviamo la ricerca. Solo noi. E sapete perch\u00e8? Perch\u00e8 il Verona ha fatto pressione su tutti i mezzi di informazione. Tutti quelli che ieri erano presenti alla conferenza stampa di Grosso e D&#8217;Amico, come se quello fosse un regalo, un osso mollato al cagnolino di turno, per dirgli che ha fatto il bravo e il suo dovere. Non ha pubblicato nulla, triste dirlo, neppure chi ostentava nel proprio sito la pubblicit\u00e0 di &#8220;Verona col cuore&#8221; ergendosi a voce dei tifosi.<\/p>\n<p>Ovviamente fedeli al nostro ruolo, abbiamo pubblicato anche la risposta della societ\u00e0 e successivamente abbiamo posto precise domande perch\u00e9 quella risposta non ci pareva per nulla esaustiva. Ecco, questo \u00e8 uno dei mille esempi che potrei farvi per spiegarvi che razza di pressioni, di ricatti, di coraggio serve per portare aventi certe battaglie. Lo facciamo perch\u00e9 crediamo fortemente ancora e nonostante tutto nel ruolo dell&#8217;informazione, sebbene isolati. Ma non saremo mai isolati finch\u00e9 questo sito e la nostra televisione saranno i pi\u00f9 letti e guardati a Verona. Quella \u00e8 la nostra forza.<\/p>\n<p>Ieri, per dirla semplicemente, il nostro sito ha toccato un record di contatti mai raggiunti prima eppure non avevamo un&#8217;immagine di Fabio Grosso che parlava di fare &#8220;il massimo&#8221; e di D&#8217;Amico che balbettava emozionato il copione scritto da Fusco. Ecco perch\u00e9 questa non \u00e8 la nostra battaglia, ma \u00e8 soprattutto la vostra, di chi ama veramente l&#8217;Hellas Verona, e non questa aberrazione che Setti ha voluto creare.<\/p>\n","protected":false},"excerpt":{"rendered":"<p>Uzzo, Cannella, Pastorello. Pensavamo di averle viste tutte. E pensavamo di aver toccato il fondo. Invece ci mancava Maurizio Setti da Carpi. Il quale a suo modo un posto nella storia del Verona se l&#8217;\u00e8 ritagliato: prima facendo i due pi\u00f9 vergognosi campionati del Verona in serie A e poi escludendo una testata e un&#8230;  <a class=\"excerpt-read-more\" href=\"https:\/\/blog.telenuovo.it\/gianluca-vighini\/2018\/07\/12\/la-nostra-battaglia-e-soprattutto-la-vostra-battaglia\/\" title=\"Read LA NOSTRA BATTAGLIA E&#8217; SOPRATTUTTO LA VOSTRA BATTAGLIA\">Leggi tutto &raquo;<\/a><\/p>\n","protected":false},"author":2,"featured_media":0,"comment_status":"open","ping_status":"open","sticky":false,"template":"","format":"standard","meta":[],"categories":[1],"tags":[],"_links":{"self":[{"href":"https:\/\/blog.telenuovo.it\/gianluca-vighini\/wp-json\/wp\/v2\/posts\/4677"}],"collection":[{"href":"https:\/\/blog.telenuovo.it\/gianluca-vighini\/wp-json\/wp\/v2\/posts"}],"about":[{"href":"https:\/\/blog.telenuovo.it\/gianluca-vighini\/wp-json\/wp\/v2\/types\/post"}],"author":[{"embeddable":true,"href":"https:\/\/blog.telenuovo.it\/gianluca-vighini\/wp-json\/wp\/v2\/users\/2"}],"replies":[{"embeddable":true,"href":"https:\/\/blog.telenuovo.it\/gianluca-vighini\/wp-json\/wp\/v2\/comments?post=4677"}],"version-history":[{"count":1,"href":"https:\/\/blog.telenuovo.it\/gianluca-vighini\/wp-json\/wp\/v2\/posts\/4677\/revisions"}],"predecessor-version":[{"id":4680,"href":"https:\/\/blog.telenuovo.it\/gianluca-vighini\/wp-json\/wp\/v2\/posts\/4677\/revisions\/4680"}],"wp:attachment":[{"href":"https:\/\/blog.telenuovo.it\/gianluca-vighini\/wp-json\/wp\/v2\/media?parent=4677"}],"wp:term":[{"taxonomy":"category","embeddable":true,"href":"https:\/\/blog.telenuovo.it\/gianluca-vighini\/wp-json\/wp\/v2\/categories?post=4677"},{"taxonomy":"post_tag","embeddable":true,"href":"https:\/\/blog.telenuovo.it\/gianluca-vighini\/wp-json\/wp\/v2\/tags?post=4677"}],"curies":[{"name":"wp","href":"https:\/\/api.w.org\/{rel}","templated":true}]}}