{"id":5247,"date":"2019-04-14T20:04:41","date_gmt":"2019-04-14T18:04:41","guid":{"rendered":"https:\/\/blog.telenuovo.it\/gianluca-vighini\/?p=5247"},"modified":"2019-04-14T20:09:30","modified_gmt":"2019-04-14T18:09:30","slug":"campedelli-deve-tornare-a-fare-calcio","status":"publish","type":"post","link":"https:\/\/blog.telenuovo.it\/gianluca-vighini\/2019\/04\/14\/campedelli-deve-tornare-a-fare-calcio\/","title":{"rendered":"CAMPEDELLI DEVE TORNARE A FARE CALCIO"},"content":{"rendered":"<p>Il Chievo torna in serie B. E&#8217; la seconda volta che succede negli ultimi diciassette anni e questa \u00e8 una medaglia che il presidente Luca Campedelli si pu\u00f2 appuntare sul petto perch\u00e8 salvarsi in serie A \u00e8 un&#8217;impresa che non pu\u00f2 mai andare sotto la voce normalit\u00e0 quando si tratta di una piccola societ\u00e0 come quella clivense. Ma questa retrocessione \u00e8 diversa. Il Chievo, questo Chievo, \u00e8 una squadra che costa un&#8217;eresia e che vale pochissimo. E&#8217; una squadra arrivata al capolinea che ha fatto persino peggio del pessimo Verona di Pecchia dell&#8217;anno scorso. Campedelli ha sbagliato tutte le scelte: prima D&#8217;Anna, poi la farsa di Ventura, infine Mimmo Di Carlo, l&#8217;unica mossa azzeccata che almeno ha ridipinto la facciata con dignit\u00e0.<\/p>\n<p>Ma la cosa peggiore \u00e8 che il presidente del Chievo ha smesso di fare calcio. Si \u00e8 cullato davanti all&#8217;idea che bastasse confermare il vecchio gruppo per mantenere la serie A e alla fine i nodi sono venuti al pettine. E&#8217; assurdo che solo da un paio di stagioni, a buoi ampiamente scappati, Campedelli e il suo staff abbiano deciso di lanciare dei giovani e questo a dispetto di un campionato Primavera vinto e tanti campionati in cui la salvezza era ampiamente conquistata prima delle giornate finali.<\/p>\n<p>I bilanci ne hanno pesantemente risentito. Vecchi arnesi sono stati pagati eccessivamente per il loro valore, e il problema delle plusvalenze \u00e8 emerso in maniera prepotente, sebbene strumentale, trattandosi di una pratica che tutte le societ\u00e0, nessuna esclusa, applica ai propri bilanci. Ma il Chievo ha evidentemente esagerato. Avesse fatto almeno giocare in serie A qualcuno di quei ragazzi, avrebbe sicuramente giustificato il loro valore eccessivo.<\/p>\n<p>C&#8217;\u00e8 tempo comunque per rimediare, anche se Campedelli non avr\u00e0 grandissimo spazio di manovra. Il Chievo ha bisogno di una profondissima ristrutturazione. Dopo tanti anni, in cui il solco era chiaro e ben tracciato, ora c&#8217;\u00e8 bisogno di ridarsi un obiettivo. C&#8217;\u00e8 bisogno di tornare a fare calcio, anche in maniera spensierata com&#8217;era quel primo Chievo che tanta simpatia aveva attirato. C&#8217;\u00e8 bisogno di bel gioco, di un bravo allenatore con idee moderne, di gente che sappia pescare nelle categorie pi\u00f9 basse ancora prima che all&#8217;estero, da dove in questi anni sono stati imbarcati giocatori imbarazzanti.<\/p>\n<p>E&#8217; un&#8217;occasione per ripartire, Campedelli non pu\u00f2 sprecare altro tempo. Da domani deve pensare al futuro, guardando al suo passato. Basta rivolgersi l\u00ec e le risposte ci sono gi\u00e0 tutte.<\/p>\n","protected":false},"excerpt":{"rendered":"<p>Il Chievo torna in serie B. E&#8217; la seconda volta che succede negli ultimi diciassette anni e questa \u00e8 una medaglia che il presidente Luca Campedelli si pu\u00f2 appuntare sul petto perch\u00e8 salvarsi in serie A \u00e8 un&#8217;impresa che non pu\u00f2 mai andare sotto la voce normalit\u00e0 quando si tratta di una piccola societ\u00e0 come&#8230;  <a class=\"excerpt-read-more\" href=\"https:\/\/blog.telenuovo.it\/gianluca-vighini\/2019\/04\/14\/campedelli-deve-tornare-a-fare-calcio\/\" title=\"Read CAMPEDELLI DEVE TORNARE A FARE CALCIO\">Leggi tutto &raquo;<\/a><\/p>\n","protected":false},"author":2,"featured_media":0,"comment_status":"open","ping_status":"open","sticky":false,"template":"","format":"standard","meta":[],"categories":[1],"tags":[],"_links":{"self":[{"href":"https:\/\/blog.telenuovo.it\/gianluca-vighini\/wp-json\/wp\/v2\/posts\/5247"}],"collection":[{"href":"https:\/\/blog.telenuovo.it\/gianluca-vighini\/wp-json\/wp\/v2\/posts"}],"about":[{"href":"https:\/\/blog.telenuovo.it\/gianluca-vighini\/wp-json\/wp\/v2\/types\/post"}],"author":[{"embeddable":true,"href":"https:\/\/blog.telenuovo.it\/gianluca-vighini\/wp-json\/wp\/v2\/users\/2"}],"replies":[{"embeddable":true,"href":"https:\/\/blog.telenuovo.it\/gianluca-vighini\/wp-json\/wp\/v2\/comments?post=5247"}],"version-history":[{"count":3,"href":"https:\/\/blog.telenuovo.it\/gianluca-vighini\/wp-json\/wp\/v2\/posts\/5247\/revisions"}],"predecessor-version":[{"id":5256,"href":"https:\/\/blog.telenuovo.it\/gianluca-vighini\/wp-json\/wp\/v2\/posts\/5247\/revisions\/5256"}],"wp:attachment":[{"href":"https:\/\/blog.telenuovo.it\/gianluca-vighini\/wp-json\/wp\/v2\/media?parent=5247"}],"wp:term":[{"taxonomy":"category","embeddable":true,"href":"https:\/\/blog.telenuovo.it\/gianluca-vighini\/wp-json\/wp\/v2\/categories?post=5247"},{"taxonomy":"post_tag","embeddable":true,"href":"https:\/\/blog.telenuovo.it\/gianluca-vighini\/wp-json\/wp\/v2\/tags?post=5247"}],"curies":[{"name":"wp","href":"https:\/\/api.w.org\/{rel}","templated":true}]}}