{"id":5447,"date":"2019-07-10T18:33:33","date_gmt":"2019-07-10T16:33:33","guid":{"rendered":"https:\/\/blog.telenuovo.it\/gianluca-vighini\/?p=5447"},"modified":"2019-07-10T18:43:19","modified_gmt":"2019-07-10T16:43:19","slug":"calma-ma-non-troppa","status":"publish","type":"post","link":"https:\/\/blog.telenuovo.it\/gianluca-vighini\/2019\/07\/10\/calma-ma-non-troppa\/","title":{"rendered":"CALMA. MA NON TROPPA"},"content":{"rendered":"<p>Il Verona ha bisogno di rafforzarsi. Tanto e ovunque. Lo diciamo con sano senso del reale e visto cosa \u00e8 successo nell&#8217;ultima vergognosa comparsata in serie A (noi non dimentichiamo).<\/p>\n<p>Siamo d&#8217;accordo che il mercato non si fa adesso (completamente) ma una squadra che ha le idee chiare e non naviga a vista, il mercato in realt\u00e0 lo fa adesso. Se non hai tanti soldi, vincono le idee e i rapporti. Un rapporto che, si spera, il Verona di Tony D&#8217;Amico coltiva \u00e8 quello col ds Fusco. Il quale \u00e8 alla Juventus e qualcosa di buono potrebbe girarlo. Mancuso poteva essere un&#8217;idea, brutto segnale che l&#8217;Empoli lo abbia soffiato, mettendoci soldi veri (cinque milioni mi sembrano comunque un&#8217;esagerazione, ma cavoli loro).<\/p>\n<p>Su Bessa, Juric vorrebbe costruire qualcosa, ma anche qui, siamo sospesi. Arrivasse un&#8217;offerta&#8230; bye bye Bessa.<\/p>\n<p>Si \u00e8 lavorato in difesa. Due scommessone (Rrahmani e Gunter) e una certezza Bocchetti. Questo mi pare il primo vero nome da serie A.<\/p>\n<p>Mi sfugge la super valutazione data al polacco Dawidowicz: spendere tre milioni e mezzo per il riscatto di questo giocatore mi pare una follia. Almeno per quello che s&#8217;\u00e8 visto in serie B. Speriamo di essere smentiti in serie A.<\/p>\n<p>Come scrivevamo il Verona ha posposto i pagamenti della scorsa stagione: sono stati spesi adesso 12,4 milioni di euro e tranne Rrahmani sono serviti a finanziare la squadra che stava clamorosamente fallendo la risalita in serie A (sempre sia benedetto Alfredo Aglietti e anche un po&#8217; Iemmello che ha sbagliato quel gol clamoroso col Foggia).<\/p>\n<p>Con sano realismo Setti (impegnato sempre pi\u00f9 in prima persona nelle trattative) e D&#8217;Amico, si devono anche chiedere se Di Carmine e Pazzini possono garantire i gol necessari per stare in serie A. Lo devono dire loro, senza prendersi in giro e facendo una valutazione serena. Io ho dei dubbi. Un conto \u00e8 la B, dove Pazzini \u00e8 un lusso e Di Carmine un buon giocatore (che ha faticato oltremisura, ricordiamocelo), un conto \u00e8 la serie A.<\/p>\n<p>Ora come ora la campagna acquisti \u00e8 ingiudicabile. Finisse adesso sarebbe ovviamente da grave insufficienza. Per fortuna c&#8217;\u00e8 tempo. Quindi calma, ma non troppa&#8230;<\/p>\n","protected":false},"excerpt":{"rendered":"<p>Il Verona ha bisogno di rafforzarsi. Tanto e ovunque. Lo diciamo con sano senso del reale e visto cosa \u00e8 successo nell&#8217;ultima vergognosa comparsata in serie A (noi non dimentichiamo). Siamo d&#8217;accordo che il mercato non si fa adesso (completamente) ma una squadra che ha le idee chiare e non naviga a vista, il mercato&#8230;  <a class=\"excerpt-read-more\" href=\"https:\/\/blog.telenuovo.it\/gianluca-vighini\/2019\/07\/10\/calma-ma-non-troppa\/\" title=\"Read CALMA. MA NON TROPPA\">Leggi tutto &raquo;<\/a><\/p>\n","protected":false},"author":2,"featured_media":0,"comment_status":"open","ping_status":"open","sticky":false,"template":"","format":"standard","meta":[],"categories":[1],"tags":[],"_links":{"self":[{"href":"https:\/\/blog.telenuovo.it\/gianluca-vighini\/wp-json\/wp\/v2\/posts\/5447"}],"collection":[{"href":"https:\/\/blog.telenuovo.it\/gianluca-vighini\/wp-json\/wp\/v2\/posts"}],"about":[{"href":"https:\/\/blog.telenuovo.it\/gianluca-vighini\/wp-json\/wp\/v2\/types\/post"}],"author":[{"embeddable":true,"href":"https:\/\/blog.telenuovo.it\/gianluca-vighini\/wp-json\/wp\/v2\/users\/2"}],"replies":[{"embeddable":true,"href":"https:\/\/blog.telenuovo.it\/gianluca-vighini\/wp-json\/wp\/v2\/comments?post=5447"}],"version-history":[{"count":3,"href":"https:\/\/blog.telenuovo.it\/gianluca-vighini\/wp-json\/wp\/v2\/posts\/5447\/revisions"}],"predecessor-version":[{"id":5456,"href":"https:\/\/blog.telenuovo.it\/gianluca-vighini\/wp-json\/wp\/v2\/posts\/5447\/revisions\/5456"}],"wp:attachment":[{"href":"https:\/\/blog.telenuovo.it\/gianluca-vighini\/wp-json\/wp\/v2\/media?parent=5447"}],"wp:term":[{"taxonomy":"category","embeddable":true,"href":"https:\/\/blog.telenuovo.it\/gianluca-vighini\/wp-json\/wp\/v2\/categories?post=5447"},{"taxonomy":"post_tag","embeddable":true,"href":"https:\/\/blog.telenuovo.it\/gianluca-vighini\/wp-json\/wp\/v2\/tags?post=5447"}],"curies":[{"name":"wp","href":"https:\/\/api.w.org\/{rel}","templated":true}]}}