{"id":5549,"date":"2019-09-02T23:41:12","date_gmt":"2019-09-02T21:41:12","guid":{"rendered":"https:\/\/blog.telenuovo.it\/gianluca-vighini\/?p=5549"},"modified":"2019-09-02T23:41:54","modified_gmt":"2019-09-02T21:41:54","slug":"il-mio-giudizio-sul-mercato","status":"publish","type":"post","link":"https:\/\/blog.telenuovo.it\/gianluca-vighini\/2019\/09\/02\/il-mio-giudizio-sul-mercato\/","title":{"rendered":"IL MIO GIUDIZIO SUL MERCATO"},"content":{"rendered":"<p>Ora che \u00e8 arrivato Stepinski \u00e8 giusto dare un giudizio sul mercato del Verona. Un mercato che Juric ha condotto in prima persona, suggerendo se non impegnandosi direttamente, per far arrivare gli uomini giusti. Il risultato, che non pu\u00f2 non tenere conto delle prime due gare, \u00e8 ampiamente sufficiente. Nel Verona sono arrivati giocatori giovani e con una prospettiva e altre vecchie volpi che Juric conosce bene e a cui ha affidato le chiavi della squadra (Veloso in primis e si spera anche Bocchetti). Personalmente mi hanno lasciato perplesso i troppi prestiti che sono il sintomo di un progetto a breve, brevissimo termine e che generalmente non portano a grandi vantaggi. Tutino, per esempio, potrebbe essere stato un ottimo acquisto, ma il fatto che sia in prestito secco lo riduce a piccolo affare.<\/p>\n<p>Lo stesso discorso, ma al contrario vale per Stepinski. Non \u00e8 il nome che &#8220;scalda&#8221; la piazza, quel top player che Setti, sbagliando ancora una volta le tempistiche e i modi per comunicare aveva annunciato, ma \u00e8 un buon affare. Se ottimo sar\u00e0 ovviamente il campo a dirlo, ma il fatto che il Verona abbia finalmente investito una cifra considerevole per portare un giocatore giovane e di prospettiva non pu\u00f2 che essere salutato con ottimismo. Stepinski \u00e8 un ragazzo d&#8217;oro i cui margini di crescita sono inesplorati. E&#8217; una scommessa ma una scommessa ragionata. In mano a Juric pu\u00f2 diventare un top player da cui il Verona potr\u00e0 trarre una grande plusvalenza.<\/p>\n<p>Ma la pi\u00f9 grande plusvalenza che quest&#8217;anno il Verona pu\u00f2 realizzare \u00e8 la salvezza che pu\u00f2 dare finalmente una stabilit\u00e0 economica alla societ\u00e0 dopo le balzane stagioni precedenti. Raggiungerla sar\u00e0 un&#8217;impresa e i primi due risultati postivi non devono illudere. Ma il segnale che \u00e8 arrivato dal campo \u00e8 stato chiaro: questo Verona se la giocher\u00e0 sicuramente fino all&#8217;ultimo e finalmente la societ\u00e0 ha imboccato una strada pragmatica e meno &#8220;sborona&#8221;, segno che le lezioni sono servite e che Setti, al di l\u00e0 delle dichiarazioni al limite del ridicolo sui meriti di Grosso nella serie A acciuffata per una incredibile congiunzione astrale unita alla bravura di Aglietti, si \u00e8 reso conto di quanti errori ha commesso in questi due anni. Perci\u00f2 d\u00f2 un 6,5 al mercato premiando anche la scelta coraggiosa di aver preso Juric. Speriamo di non essere smentiti.<\/p>\n","protected":false},"excerpt":{"rendered":"<p>Ora che \u00e8 arrivato Stepinski \u00e8 giusto dare un giudizio sul mercato del Verona. Un mercato che Juric ha condotto in prima persona, suggerendo se non impegnandosi direttamente, per far arrivare gli uomini giusti. Il risultato, che non pu\u00f2 non tenere conto delle prime due gare, \u00e8 ampiamente sufficiente. Nel Verona sono arrivati giocatori giovani&#8230;  <a class=\"excerpt-read-more\" href=\"https:\/\/blog.telenuovo.it\/gianluca-vighini\/2019\/09\/02\/il-mio-giudizio-sul-mercato\/\" title=\"Read IL MIO GIUDIZIO SUL MERCATO\">Leggi tutto &raquo;<\/a><\/p>\n","protected":false},"author":2,"featured_media":0,"comment_status":"open","ping_status":"open","sticky":false,"template":"","format":"standard","meta":[],"categories":[1],"tags":[],"_links":{"self":[{"href":"https:\/\/blog.telenuovo.it\/gianluca-vighini\/wp-json\/wp\/v2\/posts\/5549"}],"collection":[{"href":"https:\/\/blog.telenuovo.it\/gianluca-vighini\/wp-json\/wp\/v2\/posts"}],"about":[{"href":"https:\/\/blog.telenuovo.it\/gianluca-vighini\/wp-json\/wp\/v2\/types\/post"}],"author":[{"embeddable":true,"href":"https:\/\/blog.telenuovo.it\/gianluca-vighini\/wp-json\/wp\/v2\/users\/2"}],"replies":[{"embeddable":true,"href":"https:\/\/blog.telenuovo.it\/gianluca-vighini\/wp-json\/wp\/v2\/comments?post=5549"}],"version-history":[{"count":2,"href":"https:\/\/blog.telenuovo.it\/gianluca-vighini\/wp-json\/wp\/v2\/posts\/5549\/revisions"}],"predecessor-version":[{"id":5555,"href":"https:\/\/blog.telenuovo.it\/gianluca-vighini\/wp-json\/wp\/v2\/posts\/5549\/revisions\/5555"}],"wp:attachment":[{"href":"https:\/\/blog.telenuovo.it\/gianluca-vighini\/wp-json\/wp\/v2\/media?parent=5549"}],"wp:term":[{"taxonomy":"category","embeddable":true,"href":"https:\/\/blog.telenuovo.it\/gianluca-vighini\/wp-json\/wp\/v2\/categories?post=5549"},{"taxonomy":"post_tag","embeddable":true,"href":"https:\/\/blog.telenuovo.it\/gianluca-vighini\/wp-json\/wp\/v2\/tags?post=5549"}],"curies":[{"name":"wp","href":"https:\/\/api.w.org\/{rel}","templated":true}]}}