{"id":5605,"date":"2019-11-03T19:02:21","date_gmt":"2019-11-03T18:02:21","guid":{"rendered":"https:\/\/blog.telenuovo.it\/gianluca-vighini\/?p=5605"},"modified":"2019-11-03T19:04:08","modified_gmt":"2019-11-03T18:04:08","slug":"balotelli-non-puo-offuscare-un-grandissimo-verona","status":"publish","type":"post","link":"https:\/\/blog.telenuovo.it\/gianluca-vighini\/2019\/11\/03\/balotelli-non-puo-offuscare-un-grandissimo-verona\/","title":{"rendered":"BALOTELLI NON PUO&#8217; OFFUSCARE UN GRANDISSIMO VERONA"},"content":{"rendered":"<p>L&#8217;ondata mediatica \u00e8 gi\u00e0 partita. In pieno main-stream razzista colpevolista. Obiettivo facile: Verona citt\u00e0 e i tifosi del Verona. Di mezzo c&#8217;\u00e8 Mario Balotelli e la sua incredibile sclerata. Mani sulla palla, gioco fermo, l&#8217;accostamento ai cori razzisti. Mai visto prima. Ci sono stati? Tutti quelli che c&#8217;erano allo stadio dicono di no. L&#8217;inviata di Sky a bordo campo ha detto di non aver sentito nulla. L&#8217;inviato di Telenuovo ha confermato: nessun coro, sceneggiata di Balotelli. Il collega Giovanni Vitacchio ha chiesto persino a due agenti di polizia che hanno detto di non aver percepito nulla. Tutti quelli che erano allo stadio confermano. Balotelli \u00e8 stato praticamente ignorato nel primo tempo, nel secondo tempo invece ha ricevuto fischi e il coro &#8220;Mario Mario&#8221;, quello che lui stesso aveva detto di &#8220;averlo destabilizzato pi\u00f9 di ogni altro&#8221;.<\/p>\n<p>L&#8217;arbitro, sorpreso dal gesto di Balotelli, dice chiaramente in campo di non aver sentito nulla. Poi, forse per lavarsi la coscienza fa leggere un messaggio allo speaker, giusto per essere politicamente corretti.<\/p>\n<p>Balotelli ci aveva gi\u00e0 provato anni fa quando con la maglia dell&#8217;Inter gioc\u00f2 contro il Chievo. Questa gente mi fa schifo, disse allora. I tifosi del Chievo sono notoriamente e all&#8217;unanimit\u00e0 i pi\u00f9 corretti d&#8217;Italia. E l&#8217;accusa cadde nel vuoto.<\/p>\n<p>Il fatto ha purtroppo offuscato l&#8217;impresa del Verona. Si parla di razzismo, non si nota che il nuovo idolo del Bentegodi \u00e8 Salcedo, ragazzino italo-colombiano di 18 anni che Juric ha educato a calci in culo e carezze. Forse abbiamo trovato un attaccante o almeno uno che quantomeno quando ha la palla prova a fare gol. Il Verona \u00e8 bellissimo. Dico proprio bellissimo alla faccia del tiki taka e di altre masturbazioni del genere. Difesa rocciosa, centrocampo di lotta e di governo, attacco essenziale e lavoratore.<\/p>\n<p>Il Verona ha vinto con merito, issandosi a quota quindici, Balotelli \u00e8 lontano perch\u00e9 lontano \u00e8 quel sentimento da Verona e dai veronesi. Certo, i cretini ci sono ovunque, sugli spalti e anche in campo. Juric non \u00e8 un cretino: \u00e8 un &#8220;hombre vertical&#8221; che non ha problemi a dire quello che pensa. Ha lasciato a casa Di Carmine, ha lasciato in panchina Stepinski. E ha vinto con la sofferenza che \u00e8 l&#8217;unico sentimento che appartiene a ogni tifoso del Verona. Ha detto che non ci sono stati cori razzisti. Viva il Verona.<\/p>\n","protected":false},"excerpt":{"rendered":"<p>L&#8217;ondata mediatica \u00e8 gi\u00e0 partita. In pieno main-stream razzista colpevolista. Obiettivo facile: Verona citt\u00e0 e i tifosi del Verona. Di mezzo c&#8217;\u00e8 Mario Balotelli e la sua incredibile sclerata. Mani sulla palla, gioco fermo, l&#8217;accostamento ai cori razzisti. Mai visto prima. Ci sono stati? Tutti quelli che c&#8217;erano allo stadio dicono di no. L&#8217;inviata di&#8230;  <a class=\"excerpt-read-more\" href=\"https:\/\/blog.telenuovo.it\/gianluca-vighini\/2019\/11\/03\/balotelli-non-puo-offuscare-un-grandissimo-verona\/\" title=\"Read BALOTELLI NON PUO&#8217; OFFUSCARE UN GRANDISSIMO VERONA\">Leggi tutto &raquo;<\/a><\/p>\n","protected":false},"author":2,"featured_media":0,"comment_status":"open","ping_status":"open","sticky":false,"template":"","format":"standard","meta":[],"categories":[1],"tags":[],"_links":{"self":[{"href":"https:\/\/blog.telenuovo.it\/gianluca-vighini\/wp-json\/wp\/v2\/posts\/5605"}],"collection":[{"href":"https:\/\/blog.telenuovo.it\/gianluca-vighini\/wp-json\/wp\/v2\/posts"}],"about":[{"href":"https:\/\/blog.telenuovo.it\/gianluca-vighini\/wp-json\/wp\/v2\/types\/post"}],"author":[{"embeddable":true,"href":"https:\/\/blog.telenuovo.it\/gianluca-vighini\/wp-json\/wp\/v2\/users\/2"}],"replies":[{"embeddable":true,"href":"https:\/\/blog.telenuovo.it\/gianluca-vighini\/wp-json\/wp\/v2\/comments?post=5605"}],"version-history":[{"count":3,"href":"https:\/\/blog.telenuovo.it\/gianluca-vighini\/wp-json\/wp\/v2\/posts\/5605\/revisions"}],"predecessor-version":[{"id":5608,"href":"https:\/\/blog.telenuovo.it\/gianluca-vighini\/wp-json\/wp\/v2\/posts\/5605\/revisions\/5608"}],"wp:attachment":[{"href":"https:\/\/blog.telenuovo.it\/gianluca-vighini\/wp-json\/wp\/v2\/media?parent=5605"}],"wp:term":[{"taxonomy":"category","embeddable":true,"href":"https:\/\/blog.telenuovo.it\/gianluca-vighini\/wp-json\/wp\/v2\/categories?post=5605"},{"taxonomy":"post_tag","embeddable":true,"href":"https:\/\/blog.telenuovo.it\/gianluca-vighini\/wp-json\/wp\/v2\/tags?post=5605"}],"curies":[{"name":"wp","href":"https:\/\/api.w.org\/{rel}","templated":true}]}}