{"id":5610,"date":"2019-11-05T10:54:28","date_gmt":"2019-11-05T09:54:28","guid":{"rendered":"https:\/\/blog.telenuovo.it\/gianluca-vighini\/?p=5610"},"modified":"2019-11-06T16:40:52","modified_gmt":"2019-11-06T15:40:52","slug":"fango","status":"publish","type":"post","link":"https:\/\/blog.telenuovo.it\/gianluca-vighini\/2019\/11\/05\/fango\/","title":{"rendered":"FANGO"},"content":{"rendered":"<p>Amo troppo Verona per vederla trattare cos\u00ec. Leggo, moltissimo, e mi pare di vivere in un\u2019altra citt\u00e0, in un\u2019altra nazione, in un altro pianeta. Ma davvero questa \u00e8 Verona? Forse sono pazzo o semplicemente innamorato e sappiamo che l\u2019amore rende ciechi a volte. Intervistano uno che probabilmente non \u00e8 votato nemmeno dalla mamma e che non rappresenta nessuno o quasi \u00a0(sicuramente non mi rappresenta) e dicono che Verona sia quella roba l\u00ec? Ma state scherzando? Per fortuna e non credo di sbagliare per il troppo amore, Verona \u00e8 molto migliore di quella gente che oggi ha una ribalta mediatica fuori dimensione. Ribadisco che i buuh allo stadio, intesi come cori, cio\u00e8 un insieme di persone che contemporaneamente ha fatto buuh, non ci sono stati. In un video si sente un deficiente che lo fa, ed \u00e8 tutto. In un altro video registrato due metri pi\u00f9 in l\u00e0 non si sente nulla. Certo, anche uno \u00e8 di troppo, ha ragione Damiano Tommasi. Siamo d\u2019accordo su questo concetto. Prima lo capiamo, meglio \u00e8. Ma la responsabilit\u00e0 deve essere personale. Punto e stop. Non possiamo denigrare una citt\u00e0 per un imbecille che, grazie a quella merda che sono i social, ha il suo quarto d\u2019ora di notoriet\u00e0. Sarebbe banale dirlo ma ormai se non lo sottolinei passi a tua volta per essere razzista: Balotelli per me \u00e8 italianissimo. Non esistono \u201cNegri\u201d ma persone. A volte sono dei coglioni, a volte dei geni. A volte brave persone, a volte delinquenti. E\u2019 semplicissimo.<\/p>\n","protected":false},"excerpt":{"rendered":"<p>Amo troppo Verona per vederla trattare cos\u00ec. Leggo, moltissimo, e mi pare di vivere in un\u2019altra citt\u00e0, in un\u2019altra nazione, in un altro pianeta. Ma davvero questa \u00e8 Verona? Forse sono pazzo o semplicemente innamorato e sappiamo che l\u2019amore rende ciechi a volte. Intervistano uno che probabilmente non \u00e8 votato nemmeno dalla mamma e che&#8230;  <a class=\"excerpt-read-more\" href=\"https:\/\/blog.telenuovo.it\/gianluca-vighini\/2019\/11\/05\/fango\/\" title=\"Read FANGO\">Leggi tutto &raquo;<\/a><\/p>\n","protected":false},"author":2,"featured_media":0,"comment_status":"open","ping_status":"open","sticky":false,"template":"","format":"standard","meta":[],"categories":[1],"tags":[],"_links":{"self":[{"href":"https:\/\/blog.telenuovo.it\/gianluca-vighini\/wp-json\/wp\/v2\/posts\/5610"}],"collection":[{"href":"https:\/\/blog.telenuovo.it\/gianluca-vighini\/wp-json\/wp\/v2\/posts"}],"about":[{"href":"https:\/\/blog.telenuovo.it\/gianluca-vighini\/wp-json\/wp\/v2\/types\/post"}],"author":[{"embeddable":true,"href":"https:\/\/blog.telenuovo.it\/gianluca-vighini\/wp-json\/wp\/v2\/users\/2"}],"replies":[{"embeddable":true,"href":"https:\/\/blog.telenuovo.it\/gianluca-vighini\/wp-json\/wp\/v2\/comments?post=5610"}],"version-history":[{"count":5,"href":"https:\/\/blog.telenuovo.it\/gianluca-vighini\/wp-json\/wp\/v2\/posts\/5610\/revisions"}],"predecessor-version":[{"id":5615,"href":"https:\/\/blog.telenuovo.it\/gianluca-vighini\/wp-json\/wp\/v2\/posts\/5610\/revisions\/5615"}],"wp:attachment":[{"href":"https:\/\/blog.telenuovo.it\/gianluca-vighini\/wp-json\/wp\/v2\/media?parent=5610"}],"wp:term":[{"taxonomy":"category","embeddable":true,"href":"https:\/\/blog.telenuovo.it\/gianluca-vighini\/wp-json\/wp\/v2\/categories?post=5610"},{"taxonomy":"post_tag","embeddable":true,"href":"https:\/\/blog.telenuovo.it\/gianluca-vighini\/wp-json\/wp\/v2\/tags?post=5610"}],"curies":[{"name":"wp","href":"https:\/\/api.w.org\/{rel}","templated":true}]}}