{"id":5636,"date":"2019-12-19T10:14:06","date_gmt":"2019-12-19T09:14:06","guid":{"rendered":"https:\/\/blog.telenuovo.it\/gianluca-vighini\/?p=5636"},"modified":"2019-12-19T10:16:03","modified_gmt":"2019-12-19T09:16:03","slug":"la-via-di-damasco","status":"publish","type":"post","link":"https:\/\/blog.telenuovo.it\/gianluca-vighini\/2019\/12\/19\/la-via-di-damasco\/","title":{"rendered":"LA VIA DI DAMASCO"},"content":{"rendered":"<p id=\"p3\" data-pid=\"3\"><a href=\"https:\/\/blog.telenuovo.it\/gianluca-vighini\/wp-content\/uploads\/2019\/12\/iu-29.jpeg\"><img loading=\"lazy\" class=\"alignnone size-medium wp-image-5639\" title=\"iu-29\" src=\"https:\/\/blog.telenuovo.it\/gianluca-vighini\/wp-content\/uploads\/2019\/12\/iu-29-300x171.jpg\" alt=\"\" width=\"300\" height=\"171\" srcset=\"https:\/\/blog.telenuovo.it\/gianluca-vighini\/wp-content\/uploads\/sites\/2\/2019\/12\/iu-29-300x171.jpg 300w, https:\/\/blog.telenuovo.it\/gianluca-vighini\/wp-content\/uploads\/sites\/2\/2019\/12\/iu-29-540x308.jpg 540w, https:\/\/blog.telenuovo.it\/gianluca-vighini\/wp-content\/uploads\/sites\/2\/2019\/12\/iu-29.jpeg 675w\" sizes=\"(max-width: 300px) 100vw, 300px\" \/><\/a><\/p>\n<p data-pid=\"3\">Sai chi \u00e8 quell\u2019uomo per terra? \u00c8 Saulo. Ricordi? Era lui che teneva i mantelli di coloro che lapidavano Stefano. Guarda quella luce sfolgorante! Cosa succede?<\/p>\n<p id=\"p4\" data-pid=\"4\">Dopo l\u2019uccisione di Stefano, Saulo \u00e8 a capo di quelli che ricercano i seguaci di Ges\u00f9 per far loro del male. Entra in una casa dopo l\u2019altra, li trascina fuori e li getta in prigione. Molti discepoli fuggono in altre citt\u00e0, e l\u00ec cominciano a dichiarare la \u201cbuona notizia\u201d. Saulo a sua volta va in altre citt\u00e0 in cerca dei seguaci di Ges\u00f9. Ora \u00e8 diretto a Damasco, ma lungo la strada gli accade questa cosa sorprendente:<\/p>\n<p id=\"p5\" data-pid=\"5\">All\u2019improvviso una luce dal cielo sfolgora intorno a Saulo ed egli cade a terra. Poi una voce dice: \u2018Saulo, Saulo, perch\u00e9 mi fai del male?\u2019 Gli uomini che accompagnano Saulo vedono la luce e odono il suono della voce, ma non riescono a capire le parole.<\/p>\n<p id=\"p6\" data-pid=\"6\">\u2018Chi sei, Signore?\u2019, chiede Saulo.<\/p>\n<p id=\"p7\" data-pid=\"7\">\u2018Io sono Ges\u00f9, al quale tu fai del male\u2019, dice la voce. Ges\u00f9 dice questo perch\u00e9 quando Saulo fa del male ai seguaci di Ges\u00f9, Ges\u00f9 se ne addolora come se il male fosse fatto a lui stesso.<\/p>\n<p id=\"p8\" data-pid=\"8\">Saulo ora chiede: \u2018Cosa devo fare, Signore?\u2019<\/p>\n<p id=\"p9\" data-pid=\"9\">\u2018Alzati e va a Damasco\u2019, dice Ges\u00f9. \u2018L\u00ec ti sar\u00e0 detto ci\u00f2 che dovrai fare\u2019. Quando si alza e apre gli occhi, Saulo non riesce a vedere nulla. \u00c8 cieco! Allora gli uomini che sono con lui lo prendono per mano e lo accompagnano a Damasco.<\/p>\n<p id=\"p10\" data-pid=\"10\">Intanto Ges\u00f9 dice a un suo discepolo che \u00e8 a Damasco: \u2018Alzati, Anania. Va sulla strada chiamata Diritta. In casa di Giuda chiedi di un uomo di nome Saulo. L\u2019ho scelto perch\u00e9 divenga un mio speciale servitore\u2019.<\/p>\n<p id=\"p11\" data-pid=\"11\">Anania ubbidisce. Giunto da Saulo, pone le mani su di lui e dice: \u2018Il Signore mi ha mandato affinch\u00e9 tu veda di nuovo e sia pieno di spirito santo\u2019. Subito dagli occhi di Saulo cadono come delle scaglie, ed egli ci vede di nuovo.<\/p>\n<p data-pid=\"11\">PS: Anche stavolta ogni riferimento a fatti realmente accaduti e a personaggi realmente esistenti NON \u00e8 casuale. Buon Natale a tutti voi<\/p>\n","protected":false},"excerpt":{"rendered":"<p>Sai chi \u00e8 quell\u2019uomo per terra? \u00c8 Saulo. Ricordi? Era lui che teneva i mantelli di coloro che lapidavano Stefano. Guarda quella luce sfolgorante! Cosa succede? Dopo l\u2019uccisione di Stefano, Saulo \u00e8 a capo di quelli che ricercano i seguaci di Ges\u00f9 per far loro del male. Entra in una casa dopo l\u2019altra, li trascina&#8230;  <a class=\"excerpt-read-more\" href=\"https:\/\/blog.telenuovo.it\/gianluca-vighini\/2019\/12\/19\/la-via-di-damasco\/\" title=\"Read LA VIA DI DAMASCO\">Leggi tutto &raquo;<\/a><\/p>\n","protected":false},"author":2,"featured_media":0,"comment_status":"open","ping_status":"open","sticky":false,"template":"","format":"standard","meta":[],"categories":[1],"tags":[],"_links":{"self":[{"href":"https:\/\/blog.telenuovo.it\/gianluca-vighini\/wp-json\/wp\/v2\/posts\/5636"}],"collection":[{"href":"https:\/\/blog.telenuovo.it\/gianluca-vighini\/wp-json\/wp\/v2\/posts"}],"about":[{"href":"https:\/\/blog.telenuovo.it\/gianluca-vighini\/wp-json\/wp\/v2\/types\/post"}],"author":[{"embeddable":true,"href":"https:\/\/blog.telenuovo.it\/gianluca-vighini\/wp-json\/wp\/v2\/users\/2"}],"replies":[{"embeddable":true,"href":"https:\/\/blog.telenuovo.it\/gianluca-vighini\/wp-json\/wp\/v2\/comments?post=5636"}],"version-history":[{"count":3,"href":"https:\/\/blog.telenuovo.it\/gianluca-vighini\/wp-json\/wp\/v2\/posts\/5636\/revisions"}],"predecessor-version":[{"id":5640,"href":"https:\/\/blog.telenuovo.it\/gianluca-vighini\/wp-json\/wp\/v2\/posts\/5636\/revisions\/5640"}],"wp:attachment":[{"href":"https:\/\/blog.telenuovo.it\/gianluca-vighini\/wp-json\/wp\/v2\/media?parent=5636"}],"wp:term":[{"taxonomy":"category","embeddable":true,"href":"https:\/\/blog.telenuovo.it\/gianluca-vighini\/wp-json\/wp\/v2\/categories?post=5636"},{"taxonomy":"post_tag","embeddable":true,"href":"https:\/\/blog.telenuovo.it\/gianluca-vighini\/wp-json\/wp\/v2\/tags?post=5636"}],"curies":[{"name":"wp","href":"https:\/\/api.w.org\/{rel}","templated":true}]}}