{"id":567,"date":"2012-03-28T03:47:19","date_gmt":"2012-03-28T01:47:19","guid":{"rendered":"http:\/\/blog.telenuovo.it\/gianluca-vighini\/?p=567"},"modified":"2012-03-28T03:47:47","modified_gmt":"2012-03-28T01:47:47","slug":"il-campionato-austriaco","status":"publish","type":"post","link":"https:\/\/blog.telenuovo.it\/gianluca-vighini\/2012\/03\/28\/il-campionato-austriaco\/","title":{"rendered":"IL CAMPIONATO AUSTRIACO"},"content":{"rendered":"<p>&#8220;Fatemi per favore giocare nel campionato austriaco&#8230;&#8221;. Mi sto domandando perch\u00e8 si arrivi a pronunciare una frase cos\u00ec. Una provocazione evidente che per\u00f2 racchiude un disagio sempre crescente, un senso di nausea e impotenza senza confini, infine una ribellione a tanti troppi soprusi. Una semplice partita di calcio porta lontano. Porta a considerazioni politiche-sociologiche probabilmente pi\u00f9 grandi di noi, ma che ci lanciano un segnale chiaro: Houston abbiamo un problema.<br \/>\n Il problema che nascondiamo come polvere sotto il tappeto non \u00e8 tanto la questione meridionale, il Ti amo terrone di Mandorlini o le trite e ritrite accuse di razzismo che il Sud fa al Nord. Questo nodo inestricabile che provoca tutto questo conflitto si chiama &#8220;legalit\u00e0&#8221;. \u00c8 quella che tiene un paese unito, \u00e8 quella che oggi alza un muro tra Nocera e Verona, tra noi e loro, se ci pu\u00f2 essere in un discorso del genere un &#8220;noi&#8221; ed un &#8220;loro&#8221;. Perch\u00e8 la legge dovrebbe essere &#8220;uguale&#8221; per &#8220;tutti&#8221;.<br \/>\n All&#8217;andata, tanto per fare un esempio, ci furono arrestati in entrambe le tifoserie. I giudici che lavorano a Verona ritennero quei soggetti pericolosi e l\u00ec lasciarono in galera qualche mesetto. A Nocera, invece, il giudice mand\u00f2 tutti a casa il giorno dopo, pur essendo simili i reati di cui erano accusati. Giusto? Sbagliato? Perch\u00e8 questa applicazione cos\u00ec disomogenea della stessa Legge?<br \/>\n\u00c8 questa costante disparit\u00e0 nell&#8217;applicazione delle regole che innesca il conflitto. Se fossero stati i veronesi a rubare uno striscione sono certo al cento per cento che non sarebbe ricomparso in Curva. C&#8217;\u00e8 poco da fare: quello \u00e8 uno sberleffo bello e buono non tanto ai veronesi ma alle forze dell&#8217;ordine che lo hanno cercato per giorni, e quindi allo Stato italiano.<br \/>\nQuell&#8217;affermazione di poter agire, appunto, in un&#8217;illegalit\u00e0 perenne che poi sfocia nell&#8217;accusa generica: &#8220;voi siete terroni&#8221; e la risposta classica: &#8220;razzisti&#8221;.<br \/>\nQualcuno dal Sud mi ha rimproverato di non aver raccontato la verit\u00e0 nell&#8217;ormai famoso dossier che abbiamo pubblicato su Tggialloblu.it.. Nessuno si \u00e8 sognato di dirmi, solo per capire, se \u00e8 normale che un tecnico abbia due poliziotti che lo scortano in panchina. Se \u00e8 normale che parta una sassaiola da dentro lo stadio sui tifosi ospiti, se \u00e8 giusto che un giocatore provochi gli avversari dopo un gol. Dove sono le falsit\u00e0? Cosa c&#8217;\u00e8 di non vero in quelle immagini?<br \/>\nC&#8217;\u00e8 stata invece quasi una sorpresa che un media del nord applicasse per primo quella che nel &#8217;68, chiamavano anche &#8220;contro informazione&#8221; quasi che quel settore fosse un monopolio esclusivo. In effetti quando la Rai, cio\u00e8 la tiv\u00f9 pubblica, arriva a censurare nel servizio sulla partita l&#8217;episodio del calcio di rigore non concesso a Gomez, delle domande bisogna pur farsele anche su chi ha il potere dentro i mezzi d&#8217;informazione nazionali&#8230;<br \/>\nC&#8217;\u00e8 un&#8217;ultima domanda che mi tortura: sono equi i trentamila euro di multa alla Nocerina, cio\u00e8 gli stessi dati al Verona per due razzi lanciati da un solo spettatore (uno su 17500&#8230;) in un derby? \u00c8 lo stesso concetto di legalit\u00e0 che viene applicato? \u00c8 questa la mano fermissima promessa da Abodi al presidente Martinelli a cui la Lega ha chiesto un impegno in prima persona con la propria tifoseria?Bah, secondo me \u00e8 proprio il contrario. Qui si allontana ancora di pi\u00f9 il Sud dal Nord, dove sempre meno gente \u00e8 disposta a farsi fare la morale da gente cos\u00ec&#8230;<\/p>\n","protected":false},"excerpt":{"rendered":"<p>&#8220;Fatemi per favore giocare nel campionato austriaco&#8230;&#8221;. Mi sto domandando perch\u00e8 si arrivi a pronunciare una frase cos\u00ec. Una provocazione evidente che per\u00f2 racchiude un disagio sempre crescente, un senso di nausea e impotenza senza confini, infine una ribellione a tanti troppi soprusi. Una semplice partita di calcio porta lontano. Porta a considerazioni politiche-sociologiche probabilmente&#8230;  <a class=\"excerpt-read-more\" href=\"https:\/\/blog.telenuovo.it\/gianluca-vighini\/2012\/03\/28\/il-campionato-austriaco\/\" title=\"Read IL CAMPIONATO AUSTRIACO\">Leggi tutto &raquo;<\/a><\/p>\n","protected":false},"author":2,"featured_media":0,"comment_status":"open","ping_status":"open","sticky":false,"template":"","format":"standard","meta":[],"categories":[1],"tags":[],"_links":{"self":[{"href":"https:\/\/blog.telenuovo.it\/gianluca-vighini\/wp-json\/wp\/v2\/posts\/567"}],"collection":[{"href":"https:\/\/blog.telenuovo.it\/gianluca-vighini\/wp-json\/wp\/v2\/posts"}],"about":[{"href":"https:\/\/blog.telenuovo.it\/gianluca-vighini\/wp-json\/wp\/v2\/types\/post"}],"author":[{"embeddable":true,"href":"https:\/\/blog.telenuovo.it\/gianluca-vighini\/wp-json\/wp\/v2\/users\/2"}],"replies":[{"embeddable":true,"href":"https:\/\/blog.telenuovo.it\/gianluca-vighini\/wp-json\/wp\/v2\/comments?post=567"}],"version-history":[{"count":3,"href":"https:\/\/blog.telenuovo.it\/gianluca-vighini\/wp-json\/wp\/v2\/posts\/567\/revisions"}],"predecessor-version":[{"id":570,"href":"https:\/\/blog.telenuovo.it\/gianluca-vighini\/wp-json\/wp\/v2\/posts\/567\/revisions\/570"}],"wp:attachment":[{"href":"https:\/\/blog.telenuovo.it\/gianluca-vighini\/wp-json\/wp\/v2\/media?parent=567"}],"wp:term":[{"taxonomy":"category","embeddable":true,"href":"https:\/\/blog.telenuovo.it\/gianluca-vighini\/wp-json\/wp\/v2\/categories?post=567"},{"taxonomy":"post_tag","embeddable":true,"href":"https:\/\/blog.telenuovo.it\/gianluca-vighini\/wp-json\/wp\/v2\/tags?post=567"}],"curies":[{"name":"wp","href":"https:\/\/api.w.org\/{rel}","templated":true}]}}