{"id":5730,"date":"2020-07-13T00:37:27","date_gmt":"2020-07-12T22:37:27","guid":{"rendered":"https:\/\/blog.telenuovo.it\/gianluca-vighini\/?p=5730"},"modified":"2020-07-13T00:39:25","modified_gmt":"2020-07-12T22:39:25","slug":"il-crollo-di-juric","status":"publish","type":"post","link":"https:\/\/blog.telenuovo.it\/gianluca-vighini\/2020\/07\/13\/il-crollo-di-juric\/","title":{"rendered":"IL CROLLO DI JURIC"},"content":{"rendered":"<p>Quell&#8217;immagine dell&#8217;uomo di Spalato in panchina, quel piccolo crollo emotivo, dopo tre punti buttati negli ultimi dieci secondi della gara di Firenze dal Verona, spiegano meglio di ogni altra immagine lo spessore dell&#8217;allenatore che siede quest&#8217;anno sulla panchina giallobl\u00f9.<\/p>\n<p>Non siamo solo davanti ad un professionista, ma a un maestro, ad un condottiero che credeva veramente nell&#8217;Impresa, vanificata da un errore umano che probabilmente coster\u00e0 al Verona il sogno europeo. Juric non \u00e8 solo il tecnico del Verona. In questo momento \u00e8 &#8220;il Verona&#8221;, l&#8217;uomo che \u00e8 tornato a farci battere il cuore per i colori giallobl\u00f9 dopo lo schifo di due stagioni senza capo n\u00e8 coda, (altro che maalox presidente, lei ci ha fatto tracannare due litri di olio di ricino&#8230;).<\/p>\n<p>Ora questo omino cos\u00ec perbene, cos\u00ec bravo, cos\u00ec attaccato al suo lavoro, cos\u00ec normale non bisogna perderlo. Setti che crede che noi siamo prevenuti nei suoi confronti solo perch\u00e9 al contrario della sua corte di lacch\u00e8 non gli risparmiamo critiche quando \u00e8 necessario, \u00e8 stato bravissimo a volerlo e a imporlo quando tutti noi (TUTTI) avremmo voluto Aglietti. Ma non \u00e8 sufficiente. Perch\u00e8 a Juric vanno riconosciuti i meriti di questa eccezionale stagione. Come abbiamo pi\u00f9 volte detto: nel Verona non \u00e8 cambiato niente in questi due anni (stesso ds di prima, stesso direttore operativo, stessi dirigenti nel settore giovanile). L&#8217;unica cosa che \u00e8 cambiata \u00e8 l&#8217;allenatore. Va da s\u00e8 (lo capirebbe anche un bambino) che a fare la differenza \u00e8 stato lui. Che ha scelto uno per uno i giocatori da portare, che ha sfrondato la &#8220;paccotiglia&#8221; che era rimasta in rosa (giocatori non all&#8217;altezza), che ha operato scelte chiare e nette in ogni direzione, parlando chiaro come MAI questa societ\u00e0 aveva fatto in precedenza. E&#8217; stato per quel suo modo diretto e semplice che finalmente abbiamo capito. Abbiamo capito che nel Verona non circolano soldi, abbiamo capito che qui non venivano neanche gli scarti delle altre squadre, abbiamo capito che il gap economico era enorme. Juric ha spogliato, mi si permetta, quel fare sborone di Setti, lo ha denudato e mostrato in piazza. Ma, al contempo lo ha vestito di umilt\u00e0, e con quel saio, il Verona e Setti hanno percorso le vie di questa serie A, nonostante i pochi mezzi, con grande dignit\u00e0 e con la missione di rendere la vita dura a tutti. Fino a diventare la squadra rivelazione, fino a diventare una miniera d&#8217;oro.<\/p>\n<p>Ora le cose cambieranno. Setti sar\u00e0 sempre il presidente pi\u00f9 povero della categoria, ma stavolta avr\u00e0 qualche soldino da spendere. E questi soldini devono andare nell&#8217;Hellas Verona, permettere alla societ\u00e0 di crescere e a Juric di costruire un ciclo. Nessuno chiede la luna, i tifosi non l&#8217;hanno mai chiesta, ma solo seriet\u00e0, verit\u00e0 e fatti. Fossimo nel presidente non butteremmo via questa fortuna e circonderemmo Juric di talent scout, di gente che sappia pescare giocatori, e gli consegneremmo le chiavi della societ\u00e0 cos\u00ec come ha fatto giustamente Percassi con Gasperini. Ma Percassi ha anche Sartori e Costanzi, due super professionisti che fanno plusvalenze anche con giocatori che non giocano nemmeno nell&#8217;Atalanta. Questa \u00e8 la via. Vedremo se Setti la seguir\u00e0.<\/p>\n","protected":false},"excerpt":{"rendered":"<p>Quell&#8217;immagine dell&#8217;uomo di Spalato in panchina, quel piccolo crollo emotivo, dopo tre punti buttati negli ultimi dieci secondi della gara di Firenze dal Verona, spiegano meglio di ogni altra immagine lo spessore dell&#8217;allenatore che siede quest&#8217;anno sulla panchina giallobl\u00f9. Non siamo solo davanti ad un professionista, ma a un maestro, ad un condottiero che credeva&#8230;  <a class=\"excerpt-read-more\" href=\"https:\/\/blog.telenuovo.it\/gianluca-vighini\/2020\/07\/13\/il-crollo-di-juric\/\" title=\"Read IL CROLLO DI JURIC\">Leggi tutto &raquo;<\/a><\/p>\n","protected":false},"author":2,"featured_media":0,"comment_status":"open","ping_status":"open","sticky":false,"template":"","format":"standard","meta":[],"categories":[1],"tags":[],"_links":{"self":[{"href":"https:\/\/blog.telenuovo.it\/gianluca-vighini\/wp-json\/wp\/v2\/posts\/5730"}],"collection":[{"href":"https:\/\/blog.telenuovo.it\/gianluca-vighini\/wp-json\/wp\/v2\/posts"}],"about":[{"href":"https:\/\/blog.telenuovo.it\/gianluca-vighini\/wp-json\/wp\/v2\/types\/post"}],"author":[{"embeddable":true,"href":"https:\/\/blog.telenuovo.it\/gianluca-vighini\/wp-json\/wp\/v2\/users\/2"}],"replies":[{"embeddable":true,"href":"https:\/\/blog.telenuovo.it\/gianluca-vighini\/wp-json\/wp\/v2\/comments?post=5730"}],"version-history":[{"count":4,"href":"https:\/\/blog.telenuovo.it\/gianluca-vighini\/wp-json\/wp\/v2\/posts\/5730\/revisions"}],"predecessor-version":[{"id":5734,"href":"https:\/\/blog.telenuovo.it\/gianluca-vighini\/wp-json\/wp\/v2\/posts\/5730\/revisions\/5734"}],"wp:attachment":[{"href":"https:\/\/blog.telenuovo.it\/gianluca-vighini\/wp-json\/wp\/v2\/media?parent=5730"}],"wp:term":[{"taxonomy":"category","embeddable":true,"href":"https:\/\/blog.telenuovo.it\/gianluca-vighini\/wp-json\/wp\/v2\/categories?post=5730"},{"taxonomy":"post_tag","embeddable":true,"href":"https:\/\/blog.telenuovo.it\/gianluca-vighini\/wp-json\/wp\/v2\/tags?post=5730"}],"curies":[{"name":"wp","href":"https:\/\/api.w.org\/{rel}","templated":true}]}}