{"id":5741,"date":"2020-07-18T21:40:14","date_gmt":"2020-07-18T19:40:14","guid":{"rendered":"https:\/\/blog.telenuovo.it\/gianluca-vighini\/?p=5741"},"modified":"2020-07-18T21:40:14","modified_gmt":"2020-07-18T19:40:14","slug":"la-questione-juric","status":"publish","type":"post","link":"https:\/\/blog.telenuovo.it\/gianluca-vighini\/2020\/07\/18\/la-questione-juric\/","title":{"rendered":"LA QUESTIONE JURIC"},"content":{"rendered":"<p>Non posso sinceramente pensare ad un futuro del Verona senza Ivan Juric. E non posso onestamente pensare che il presidente del Verona Maurizio Setti perda quella che \u00e8 stata la sua pi\u00f9 bella scommessa. Non posso pensarlo perch\u00e9 significherebbe tornare nell&#8217;incertezza, perch\u00e9 vorrebbe dire che Juric non ha voluto mettere il suo timbro di garanzia sul prossimo progetto, perch\u00e9 \u00e8 troppo bello quello che abbiamo visto quest&#8217;anno per perderlo cos\u00ec. Non so se \u00e8 una fase della trattativa e se la trattative si conducono in questa maniera.<\/p>\n<p>Per\u00f2, vi dico la verit\u00e0: mi piace questo onesto modo di fare sia di Setti, sia di Juric. Piuttosto di false promesse o di scelte non convinte \u00e8 meglio che si &#8220;scazzino&#8221; adesso per poi essere uniti dopo. A patto che questo porti ad un&#8217;unione evidentemente e non ad un divorzio. Cosa pu\u00f2 andare storto? Beh, per esempio che Juric chieda garanzie sulla futura squadra. Non mi pare un segreto. E&#8217; da febbraio che il mister ripete che se entra 100 bisogna investire 80. Non credo sia difficile capire che poi deve crescere il livello generale della societ\u00e0. Assurde trasferte in treno per risparmiare i costi di un charter non devono pi\u00f9 esistere. Anche qui: non lo dico io ma lo ha detto Juric. Poi bisogna pensare a prendere giocatori di propriet\u00e0. Basta prestiti, basta formule astruse. Un anno ti pu\u00f2 andare bene, ma due no. Questo non \u00e8 il modo di fare calcio. E&#8217; solo una mera speculazione. Ovviamente il mister ha accettato di veder partire le sue stelle, quelle che lui ha valorizzato, solo a patto che Setti metta quel denaro per costruire una squadra che inizi un vero ciclo.<\/p>\n<p>Ci sono poi fattori &#8220;esterni&#8221; ovvero altre societ\u00e0. Che possono offrire a Juric pi\u00f9 mezzi e pi\u00f9 soldi. Ovviamente la Fiorentina \u00e8 una di queste ma non solo. Io credo che Setti pensasse che Juric avrebbe accettato di buon grado la sua offerta la settimana scorsa ma evidentemente qualcosa deve essere intervenuto a bloccare la trattativa. Juric pareva ben disposto, ha dichiarato che in Italia avrebbe allenato solo il Verona, poi improvvisamente quel &#8220;non ho ancora deciso&#8221; di Roma che ha frenato la firma.<\/p>\n<p>A quanto sappiamo, Juric ha ricevuto alcune offerte, una sicuramente sopra le aspettative (Fiorentina), ma vuole restare a Verona dove ha grande margine di azione e dove la famiglia si trova benissimo. Entro una settimana dovrebbe sciogliere la riserva. Non \u00e8 ancora andato via. Non facciamoci ancora prendere dallo sconforto e non innalziamo processi alla societ\u00e0 adesso. Ci sar\u00e0 tempo dopo per tutte le valutazioni.<\/p>\n","protected":false},"excerpt":{"rendered":"<p>Non posso sinceramente pensare ad un futuro del Verona senza Ivan Juric. E non posso onestamente pensare che il presidente del Verona Maurizio Setti perda quella che \u00e8 stata la sua pi\u00f9 bella scommessa. Non posso pensarlo perch\u00e9 significherebbe tornare nell&#8217;incertezza, perch\u00e9 vorrebbe dire che Juric non ha voluto mettere il suo timbro di garanzia&#8230;  <a class=\"excerpt-read-more\" href=\"https:\/\/blog.telenuovo.it\/gianluca-vighini\/2020\/07\/18\/la-questione-juric\/\" title=\"Read LA QUESTIONE JURIC\">Leggi tutto &raquo;<\/a><\/p>\n","protected":false},"author":2,"featured_media":0,"comment_status":"open","ping_status":"open","sticky":false,"template":"","format":"standard","meta":[],"categories":[1],"tags":[],"_links":{"self":[{"href":"https:\/\/blog.telenuovo.it\/gianluca-vighini\/wp-json\/wp\/v2\/posts\/5741"}],"collection":[{"href":"https:\/\/blog.telenuovo.it\/gianluca-vighini\/wp-json\/wp\/v2\/posts"}],"about":[{"href":"https:\/\/blog.telenuovo.it\/gianluca-vighini\/wp-json\/wp\/v2\/types\/post"}],"author":[{"embeddable":true,"href":"https:\/\/blog.telenuovo.it\/gianluca-vighini\/wp-json\/wp\/v2\/users\/2"}],"replies":[{"embeddable":true,"href":"https:\/\/blog.telenuovo.it\/gianluca-vighini\/wp-json\/wp\/v2\/comments?post=5741"}],"version-history":[{"count":1,"href":"https:\/\/blog.telenuovo.it\/gianluca-vighini\/wp-json\/wp\/v2\/posts\/5741\/revisions"}],"predecessor-version":[{"id":5742,"href":"https:\/\/blog.telenuovo.it\/gianluca-vighini\/wp-json\/wp\/v2\/posts\/5741\/revisions\/5742"}],"wp:attachment":[{"href":"https:\/\/blog.telenuovo.it\/gianluca-vighini\/wp-json\/wp\/v2\/media?parent=5741"}],"wp:term":[{"taxonomy":"category","embeddable":true,"href":"https:\/\/blog.telenuovo.it\/gianluca-vighini\/wp-json\/wp\/v2\/categories?post=5741"},{"taxonomy":"post_tag","embeddable":true,"href":"https:\/\/blog.telenuovo.it\/gianluca-vighini\/wp-json\/wp\/v2\/tags?post=5741"}],"curies":[{"name":"wp","href":"https:\/\/api.w.org\/{rel}","templated":true}]}}