{"id":5853,"date":"2021-02-16T01:40:51","date_gmt":"2021-02-16T00:40:51","guid":{"rendered":"https:\/\/blog.telenuovo.it\/gianluca-vighini\/?p=5853"},"modified":"2021-02-16T01:40:51","modified_gmt":"2021-02-16T00:40:51","slug":"la-meritocrazia-di-juric","status":"publish","type":"post","link":"https:\/\/blog.telenuovo.it\/gianluca-vighini\/2021\/02\/16\/la-meritocrazia-di-juric\/","title":{"rendered":"LA MERITOCRAZIA DI JURIC"},"content":{"rendered":"<p>C&#8217;\u00e8 un&#8217;immagine che ho colto alla fine di Verona-Parma. Juric \u00a0parlava con \u00c7etin prima spiegandogli qualcosa sulla partita e poi abbracciandolo teneramente con un mezzo sorriso.<\/p>\n<p>E&#8217; un&#8217;immagine che dice moltissimo sul rapporto che il generale Ivan ha con la sua squadra e con i suoi ragazzi. \u00c7etin era un difensore che pareva finito ai margini, uno che pareva fuori dai piani dell&#8217;allenatore, in buona sostanza una grande delusione.<\/p>\n<p>Invece, a sorpresa, Juric lo ha messo in campo con il Parma dimostrando di essere cos\u00ec libero da ogni pregiudizio. Non ho mai avuto la sensazione in questi mesi che Juric facesse le sue scelte in base a antipatie o simpatie, come purtroppo ho spesso visto in allenatori del passato. Juric decide solo in base a ci\u00f2 che vede sul campo e in allenamento.<\/p>\n<p>Come tutte le scelte possiamo discuterle, lo stesso Juric, molto severo nei suoi confronti, a volte ammette di averle sbagliate (si veda ad esempio le dichiarazioni dopo la sconfitta di Udine), ma di certo sono scelte fatte liberamente cercando di far valere il merito soprattutto.<\/p>\n<p>Questo spirito \u00e8 ci\u00f2 che ha fatto la differenza in questi 18 mesi di lavoro di Juric. E&#8217; ci\u00f2 che ha permesso al Verona di raggiungere quota 33 in classifica a met\u00e0 febbraio di un campionato che aveva tutte le caratteristiche per diventare una durissima via crucis.<\/p>\n<p>La rettitudine morale di Juric \u00e8 una premessa che va di pari passo con la sua bravura in campo. E&#8217; ci\u00f2 che ha reso possibile le trasformazioni di giocatori che parevano persi per la causa come Empereur o ancor di pi\u00f9 Dawidowicz e che ha permesso straordinarie valorizzazioni sul mercato.<\/p>\n<p>Un lavoro che \u00e8 appena iniziato e che potr\u00e0 proseguire con molti altri. I nomi? Facile: Tameze che nessuno conosceva, Barak che nessun ha mai visto a questi livelli, Bessa che \u00e8 un patrimonio della societ\u00e0 da recuperare e rilanciare e ora anche Lasagna che potrebbe diventare devastante alla faccia di chi a Udine lo ha ridicolizzato in questi mesi.<\/p>\n","protected":false},"excerpt":{"rendered":"<p>C&#8217;\u00e8 un&#8217;immagine che ho colto alla fine di Verona-Parma. Juric \u00a0parlava con \u00c7etin prima spiegandogli qualcosa sulla partita e poi abbracciandolo teneramente con un mezzo sorriso. E&#8217; un&#8217;immagine che dice moltissimo sul rapporto che il generale Ivan ha con la sua squadra e con i suoi ragazzi. \u00c7etin era un difensore che pareva finito ai&#8230;  <a class=\"excerpt-read-more\" href=\"https:\/\/blog.telenuovo.it\/gianluca-vighini\/2021\/02\/16\/la-meritocrazia-di-juric\/\" title=\"Read LA MERITOCRAZIA DI JURIC\">Leggi tutto &raquo;<\/a><\/p>\n","protected":false},"author":2,"featured_media":0,"comment_status":"open","ping_status":"open","sticky":false,"template":"","format":"standard","meta":[],"categories":[1],"tags":[],"_links":{"self":[{"href":"https:\/\/blog.telenuovo.it\/gianluca-vighini\/wp-json\/wp\/v2\/posts\/5853"}],"collection":[{"href":"https:\/\/blog.telenuovo.it\/gianluca-vighini\/wp-json\/wp\/v2\/posts"}],"about":[{"href":"https:\/\/blog.telenuovo.it\/gianluca-vighini\/wp-json\/wp\/v2\/types\/post"}],"author":[{"embeddable":true,"href":"https:\/\/blog.telenuovo.it\/gianluca-vighini\/wp-json\/wp\/v2\/users\/2"}],"replies":[{"embeddable":true,"href":"https:\/\/blog.telenuovo.it\/gianluca-vighini\/wp-json\/wp\/v2\/comments?post=5853"}],"version-history":[{"count":2,"href":"https:\/\/blog.telenuovo.it\/gianluca-vighini\/wp-json\/wp\/v2\/posts\/5853\/revisions"}],"predecessor-version":[{"id":5855,"href":"https:\/\/blog.telenuovo.it\/gianluca-vighini\/wp-json\/wp\/v2\/posts\/5853\/revisions\/5855"}],"wp:attachment":[{"href":"https:\/\/blog.telenuovo.it\/gianluca-vighini\/wp-json\/wp\/v2\/media?parent=5853"}],"wp:term":[{"taxonomy":"category","embeddable":true,"href":"https:\/\/blog.telenuovo.it\/gianluca-vighini\/wp-json\/wp\/v2\/categories?post=5853"},{"taxonomy":"post_tag","embeddable":true,"href":"https:\/\/blog.telenuovo.it\/gianluca-vighini\/wp-json\/wp\/v2\/tags?post=5853"}],"curies":[{"name":"wp","href":"https:\/\/api.w.org\/{rel}","templated":true}]}}