{"id":5884,"date":"2021-04-11T19:00:39","date_gmt":"2021-04-11T17:00:39","guid":{"rendered":"https:\/\/blog.telenuovo.it\/gianluca-vighini\/?p=5884"},"modified":"2021-04-11T19:01:02","modified_gmt":"2021-04-11T17:01:02","slug":"quale-sara-il-futuro-del-verona","status":"publish","type":"post","link":"https:\/\/blog.telenuovo.it\/gianluca-vighini\/2021\/04\/11\/quale-sara-il-futuro-del-verona\/","title":{"rendered":"QUALE SARA&#8217; IL FUTURO DEL VERONA?"},"content":{"rendered":"<p>Siamo ad un bivio. E&#8217; evidente a tutti i tifosi che \u00e8 in questi giorni che si gioca il futuro del Verona.<\/p>\n<p>Non \u00e8 solo la permanenza di Juric sulla panchina dell&#8217;Hellas a tenerci con il fiato sospeso. Quello \u00e8 un presupposto e una conseguenza delle scelte che far\u00e0 la societ\u00e0. Cos&#8217;\u00e8 oggi l&#8217;Hellas Verona nel calcio italiano, qual \u00e8 la dimensione che pu\u00f2 avere questa societ\u00e0 e ancora ci sono margini di sviluppo?<\/p>\n<p>Rispondere a queste domande non \u00e8 semplice perch\u00e9 bisognerebbe essere nella testa e nel portafoglio di chi l&#8217;Hellas lo detiene e ne ha la propriet\u00e0 oggi: Maurizio Setti.<\/p>\n<p>Il Verona \u00e8 condannato a sperare solo in salvezze tranquille? C&#8217;\u00e8 un&#8217;idea di poter scalare posizioni nel calcio italiano? C&#8217;\u00e8 la volont\u00e0 di evitare l&#8217;ascensore paracadutato con la B? Fino a che punto ci si potr\u00e0 spingere con gli investimenti, ma ancora di pi\u00f9, ed \u00e8 il nodo centrale, quanto Setti pu\u00f2 alzare il budget salariale? Senza un aumento di quel monte \u00e8 inutile pensare di andare oltre a quanto \u00e8 stato fatto in questi due anni da Juric. Gi\u00e0 \u00e8 un miracolo partendo dall&#8217;ultima e dalla terz&#8217;ultima posizione come \u00e8 successo negli ultimi due anni.<\/p>\n<p>Ma questa \u00e8 anche un&#8217;eccezionale opportunit\u00e0 di crescita. Non \u00e8 vero che il Verona \u00e8 condannato a questa realt\u00e0. Se permettete il Verona ha un blasone molto superiore dell&#8217;Atalanta e se ce l&#8217;hanno fatta loro potremmo provarci anche noi.<\/p>\n<p>Setti per\u00f2 non \u00e8 Percassi, questa non \u00e8 una colpa del presidente ma solo una constatazione. Che ci rende tutti terribilmente realisti, fin troppo per essere tifosi. C&#8217;\u00e8 una fetta di pubblico che quasi si compiace di questa situazione. Come se fosse vietato sognare, cosa che un tifoso dovrebbe fare a prescindere.<\/p>\n<p>Il Verona \u00e8 diventata di gran lunga la principale attivit\u00e0 imprenditoriale di Setti. Le altre sue attivit\u00e0 sono diventate collaterali. Setti \u00e8 diventato un presidente di professione e quel suo tentativo di avvolgere di romanticismo l&#8217;acquisto del Verona si \u00e8 schiantato davanti ai tre milioni di emolumenti che si \u00e8 erogato quest&#8217;anno come stipendio.<\/p>\n<p>Non si discute qui se sia giusto o sbagliato, ma solo che era una panzane grande come una casa il fatto che Setti si sia buttato nel calcio per amore del pallone. Lo ha fatto per business e per guadagnarci. Quindi, se questa \u00e8 la molla, potremmo sperare che Setti aumenti ancora di pi\u00f9 i fatturati e quindi le opportunit\u00e0 di guadagno. Ma non sappiamo dove sia collocato il suo livello massimo.<\/p>\n<p>Pu\u00f2 darsi che sia anche gi\u00e0 stato raggiunto da questi due anni straordinari in cui grazie a Juric spendendo pochissimo ha ottenuto grandi risultati.<\/p>\n<p>Pu\u00f2 darsi quindi che Setti dica a Juric che pi\u00f9 di cos\u00ec lui non si sente di fare e pu\u00f2 darsi che Juric vada a cercare altrove l&#8217;occasione di crescita. Ma pu\u00f2 darsi anche e il mercato di gennaio lo ha dimostrato, che Setti abbia deciso di alzare il livello.<\/p>\n<p>E in questo caso dobbiamo sperare che sia sufficiente per convincere l&#8217;allenatore dalle uova d&#8217;oro a restare ancora qui e collocare il Verona in una dimensione che solo nei favolosi anni ottanta abbiamo visto in questa citt\u00e0.<\/p>\n","protected":false},"excerpt":{"rendered":"<p>Siamo ad un bivio. E&#8217; evidente a tutti i tifosi che \u00e8 in questi giorni che si gioca il futuro del Verona. Non \u00e8 solo la permanenza di Juric sulla panchina dell&#8217;Hellas a tenerci con il fiato sospeso. Quello \u00e8 un presupposto e una conseguenza delle scelte che far\u00e0 la societ\u00e0. Cos&#8217;\u00e8 oggi l&#8217;Hellas Verona&#8230;  <a class=\"excerpt-read-more\" href=\"https:\/\/blog.telenuovo.it\/gianluca-vighini\/2021\/04\/11\/quale-sara-il-futuro-del-verona\/\" title=\"Read QUALE SARA&#8217; IL FUTURO DEL VERONA?\">Leggi tutto &raquo;<\/a><\/p>\n","protected":false},"author":2,"featured_media":0,"comment_status":"open","ping_status":"open","sticky":false,"template":"","format":"standard","meta":[],"categories":[1],"tags":[],"_links":{"self":[{"href":"https:\/\/blog.telenuovo.it\/gianluca-vighini\/wp-json\/wp\/v2\/posts\/5884"}],"collection":[{"href":"https:\/\/blog.telenuovo.it\/gianluca-vighini\/wp-json\/wp\/v2\/posts"}],"about":[{"href":"https:\/\/blog.telenuovo.it\/gianluca-vighini\/wp-json\/wp\/v2\/types\/post"}],"author":[{"embeddable":true,"href":"https:\/\/blog.telenuovo.it\/gianluca-vighini\/wp-json\/wp\/v2\/users\/2"}],"replies":[{"embeddable":true,"href":"https:\/\/blog.telenuovo.it\/gianluca-vighini\/wp-json\/wp\/v2\/comments?post=5884"}],"version-history":[{"count":3,"href":"https:\/\/blog.telenuovo.it\/gianluca-vighini\/wp-json\/wp\/v2\/posts\/5884\/revisions"}],"predecessor-version":[{"id":5887,"href":"https:\/\/blog.telenuovo.it\/gianluca-vighini\/wp-json\/wp\/v2\/posts\/5884\/revisions\/5887"}],"wp:attachment":[{"href":"https:\/\/blog.telenuovo.it\/gianluca-vighini\/wp-json\/wp\/v2\/media?parent=5884"}],"wp:term":[{"taxonomy":"category","embeddable":true,"href":"https:\/\/blog.telenuovo.it\/gianluca-vighini\/wp-json\/wp\/v2\/categories?post=5884"},{"taxonomy":"post_tag","embeddable":true,"href":"https:\/\/blog.telenuovo.it\/gianluca-vighini\/wp-json\/wp\/v2\/tags?post=5884"}],"curies":[{"name":"wp","href":"https:\/\/api.w.org\/{rel}","templated":true}]}}