{"id":5889,"date":"2021-04-17T19:10:04","date_gmt":"2021-04-17T17:10:04","guid":{"rendered":"https:\/\/blog.telenuovo.it\/gianluca-vighini\/?p=5889"},"modified":"2021-04-17T19:23:31","modified_gmt":"2021-04-17T17:23:31","slug":"il-venticello-degli-orfani-di-grosso","status":"publish","type":"post","link":"https:\/\/blog.telenuovo.it\/gianluca-vighini\/2021\/04\/17\/il-venticello-degli-orfani-di-grosso\/","title":{"rendered":"IL &#8220;VENTICELLO&#8221; MALIZIOSO DEGLI ORFANI DI GROSSO"},"content":{"rendered":"<p>Agli orfani di Grosso che oggi storcono il naso perch\u00e9 il Verona ha perso (male) contro la Sampdoria vorrei ricordare che senza Ivan Juric l&#8217;Hellas sarebbe stato condannato a sicura retrocessione sia l&#8217;anno scorso sia quest&#8217;anno.<\/p>\n<p>Questo per mettere subito in chiaro come la penso. Poich\u00e9 ho sufficienti antenne per captare l&#8217;aria, sento uno strano &#8220;venticello&#8221; soffiare sul Verona. Come se, adesso, visto il momento di difficolt\u00e0, Juric pagasse le esternazioni contro Setti. Come se qualcuno volesse far intendere a Juric di abbassare la cresta e riequilibrare il peso contrattuale, oggi totalmente sbilanciato a favore del tecnico croato. Sono sfumature, qualche volta tra le righe, qualche volta meno.<\/p>\n<p>Certo, a tutti noi sarebbe piaciuto che il Verona continuasse ad andare a quella velocit\u00e0, che inseguisse l&#8217;ottavo posto, addirittura il settimo, l&#8217;Europa League e i 54 punti. Ma semplicemente il campo ci sta dicendo che non era possibile. Perch\u00e9 il Verona, grazie a Juric, ha fatto un campionato sovradimensionato rispetto alla logica, alle aspettative, ai budget. La colpa, probabilmente, che ci ha fatto perdere di vista l&#8217;impresa compiuta \u00e8 che il Verona si sia salvato con dieci, undici giornate di anticipo. Parliamo di colpa, non di merito, pensate un po&#8217;&#8230; Cos\u00ec abbiamo storto il naso perch\u00e9 abbiamo perso col Milan, l&#8217;Atalanta, la Lazio e la Sampdoria. Samp che oggi ha fatto alzare dalla panchina Candreva, Gabbiadini e Keit\u00e0, non Gianni e Pinotto. Sicuramente il Verona poteva fare meglio, sicuramente il secondo tempo \u00e8 stato deludente, ma non \u00e8 colpa di nessuno. Juric ce lo ha ripetuto alla nausea: questa squadra se non va sempre ai 110 all&#8217;ora perde ovunque.<\/p>\n<p>Non \u00e8 un dramma ed \u00e8 solo la testimonianza del capolavoro compiuto in precedenza. Il Verona \u00e8 semplicemente tornato sulla terra. Un po&#8217; di rilassamento dopo aver conquistato l&#8217;obiettivo primario della stagione, qualche distrazione, gli avversari che nel ritorno non lasciano nessuna briciola, hanno impedito di fare voli pindarici.<\/p>\n<p>Ecco perch\u00e9 \u00e8 assurdo criticare Juric e il Verona. A meno che non si voglia ottenere un altro scopo: silenziare il tecnico e impedirgli di esternare con quella chiarezza che ha segnato la sua avventura veronese e che \u00e8 in realt\u00e0 un fattore di crescita e di stimolo costante per una societ\u00e0 che solo con il lavoro del croato ha imboccato la diritta via. O volete ancora vedere il mirabolante calcio dell&#8217;ex campione del Mondo?<\/p>\n","protected":false},"excerpt":{"rendered":"<p>Agli orfani di Grosso che oggi storcono il naso perch\u00e9 il Verona ha perso (male) contro la Sampdoria vorrei ricordare che senza Ivan Juric l&#8217;Hellas sarebbe stato condannato a sicura retrocessione sia l&#8217;anno scorso sia quest&#8217;anno. Questo per mettere subito in chiaro come la penso. Poich\u00e9 ho sufficienti antenne per captare l&#8217;aria, sento uno strano&#8230;  <a class=\"excerpt-read-more\" href=\"https:\/\/blog.telenuovo.it\/gianluca-vighini\/2021\/04\/17\/il-venticello-degli-orfani-di-grosso\/\" title=\"Read IL &#8220;VENTICELLO&#8221; MALIZIOSO DEGLI ORFANI DI GROSSO\">Leggi tutto &raquo;<\/a><\/p>\n","protected":false},"author":2,"featured_media":0,"comment_status":"open","ping_status":"open","sticky":false,"template":"","format":"standard","meta":[],"categories":[1],"tags":[],"_links":{"self":[{"href":"https:\/\/blog.telenuovo.it\/gianluca-vighini\/wp-json\/wp\/v2\/posts\/5889"}],"collection":[{"href":"https:\/\/blog.telenuovo.it\/gianluca-vighini\/wp-json\/wp\/v2\/posts"}],"about":[{"href":"https:\/\/blog.telenuovo.it\/gianluca-vighini\/wp-json\/wp\/v2\/types\/post"}],"author":[{"embeddable":true,"href":"https:\/\/blog.telenuovo.it\/gianluca-vighini\/wp-json\/wp\/v2\/users\/2"}],"replies":[{"embeddable":true,"href":"https:\/\/blog.telenuovo.it\/gianluca-vighini\/wp-json\/wp\/v2\/comments?post=5889"}],"version-history":[{"count":6,"href":"https:\/\/blog.telenuovo.it\/gianluca-vighini\/wp-json\/wp\/v2\/posts\/5889\/revisions"}],"predecessor-version":[{"id":5895,"href":"https:\/\/blog.telenuovo.it\/gianluca-vighini\/wp-json\/wp\/v2\/posts\/5889\/revisions\/5895"}],"wp:attachment":[{"href":"https:\/\/blog.telenuovo.it\/gianluca-vighini\/wp-json\/wp\/v2\/media?parent=5889"}],"wp:term":[{"taxonomy":"category","embeddable":true,"href":"https:\/\/blog.telenuovo.it\/gianluca-vighini\/wp-json\/wp\/v2\/categories?post=5889"},{"taxonomy":"post_tag","embeddable":true,"href":"https:\/\/blog.telenuovo.it\/gianluca-vighini\/wp-json\/wp\/v2\/tags?post=5889"}],"curies":[{"name":"wp","href":"https:\/\/api.w.org\/{rel}","templated":true}]}}