{"id":5930,"date":"2021-09-14T02:08:23","date_gmt":"2021-09-14T00:08:23","guid":{"rendered":"https:\/\/blog.telenuovo.it\/gianluca-vighini\/?p=5930"},"modified":"2021-09-14T02:08:23","modified_gmt":"2021-09-14T00:08:23","slug":"festa-finita-di-francesco-deve-uscire-dallequivoco","status":"publish","type":"post","link":"https:\/\/blog.telenuovo.it\/gianluca-vighini\/2021\/09\/14\/festa-finita-di-francesco-deve-uscire-dallequivoco\/","title":{"rendered":"FESTA FINITA: DI FRANCESCO DEVE USCIRE DALL&#8217;EQUIVOCO"},"content":{"rendered":"<p>La festa \u00e8 finita. Pi\u00f9 il Verona si allontana dai fasti dell\u2019era Juric pi\u00f9 assume i connotati di una squadra apocrifa, senza una direzione, senza un\u2019identit\u00e0.<\/p>\n<p>Il trapianto dal tecnico croato a Di Francesco non \u00e8 riuscito. Mentre emerge l\u2019equivoco di fondo: Di Francesco non \u00e8 Juric e non potr\u00e0 mai esserlo.<\/p>\n<p>Cos\u00ec il Verona non \u00e8 pi\u00f9 il Verona di Juric ma non \u00e8 ancora diventato quello di Di Francesco. E non lo diventer\u00e0 mai. Prima si prende atto di questo meglio \u00e8.<\/p>\n<p>Purtroppo l\u2019illusione di poter ricalcare il lavoro del tecnico croato si \u00e8 infranta contro la realt\u00e0. E spiace ora vedere Di Francesco annaspare dentro questa confusione. Non \u00e8 colpa sua, non \u00e8 solo colpa sua.<\/p>\n<p>Gli errori sono molteplici: non si \u00e8 tenuto conto di quanto il gioco del tecnico croato abbia creato una sovrastima del parco giocatori. Il Verona, ed era vero quello che diceva Juric, era una squadra dai mezzi limitati ma che rendeva al 120 per cento delle sue possibilit\u00e0. Non appena quella soglia si \u00e8 abbassava, il Verona evidenziava i suoi limiti. Avvisaglie ne abbiamo avute anche sotto la gestione precedente, basti pensare al girone di ritorno dove, sebbene non sbracando, la soglia dell\u2019attenzione \u00e8 calata e il Verona ha avuto una marcia da retrocessione.<\/p>\n<p>C\u2019\u00e8 poi un problema legato al mercato e agli investimenti. Fino a quando una squadra pu\u00f2 sopportare la sistematica cessione di tutti i suoi uomini migliori? Dal primo Verona di Juric se ne sono andati tra gli altri Pessina, Borini, Amrabat, Rrahmani, Kumbulla, Verre, Silvestri, Lovato, Zaccagni. E\u2019 vero che altri sono arrivati ma se gi\u00e0 dal primo al secondo Verona c\u2019era stata una pesante emorragia, un altro impoverimento c\u2019\u00e8 stato tra il Verona della passata stagione a questo. E non sempre si riescono a fare le nozze con i fichi secchi. Poi c\u2019\u00e8 Di Francesco. Un tecnico titolato e con il curriculum importante ma che \u00e8 arrivato a Verona perch\u00e8 esonerato tre volte nelle ultime tre stagioni. Credo siamo tutti d\u2019accordo nel dire che sia stata questa condizione a far accettare a Di Francesco un progetto al risparmio come l\u2019Hellas, dove la possibilit\u00e0 di incidere sul mercato \u00e8 pari a zero e dove la conditio sine qua non \u00e8 di non stravolgere la squadra e quindi continuare sul solco tracciato in precedenza.<\/p>\n<p>Credo che lo stesso Di Francesco si sia illuso di poterlo fare ma che ora si stia pentendo amaramente di aver accettato questa condizione.<\/p>\n<p>Ma attenzione perch\u00e8 siamo solo alla terza giornata e nulla \u00e8 perduto n\u00e8 compromesso. C\u2019\u00e8 spazio e tempo per rimediare, l\u2019importante \u00e8 non perseverare nell\u2019errore.<\/p>\n<p>L\u2019unica via che ha il tecnico abruzzese per evitare dolorose scelte tra qualche giornata \u00e8 di tornare ad essere\u2026 Eusebio Di Francesco. Scandagliando all\u2019interno della rosa c\u2019\u00e8 la possibilit\u00e0 di cambiare faccia a questo Verona, imprimendo una svolta tecnico tattica decisiva che allontani in maniera totale il fantasma del predecessore.<\/p>\n<p>Se proprio dovesse finire male, almeno Di Francesco potr\u00e0 dire di averci provato fino in fondo. Ma cos\u00ec \u00e8 come se non si fosse mai seduto sulla panchina del Verona.<\/p>\n","protected":false},"excerpt":{"rendered":"<p>La festa \u00e8 finita. Pi\u00f9 il Verona si allontana dai fasti dell\u2019era Juric pi\u00f9 assume i connotati di una squadra apocrifa, senza una direzione, senza un\u2019identit\u00e0. Il trapianto dal tecnico croato a Di Francesco non \u00e8 riuscito. Mentre emerge l\u2019equivoco di fondo: Di Francesco non \u00e8 Juric e non potr\u00e0 mai esserlo. Cos\u00ec il Verona&#8230;  <a class=\"excerpt-read-more\" href=\"https:\/\/blog.telenuovo.it\/gianluca-vighini\/2021\/09\/14\/festa-finita-di-francesco-deve-uscire-dallequivoco\/\" title=\"Read FESTA FINITA: DI FRANCESCO DEVE USCIRE DALL&#8217;EQUIVOCO\">Leggi tutto &raquo;<\/a><\/p>\n","protected":false},"author":2,"featured_media":0,"comment_status":"open","ping_status":"open","sticky":false,"template":"","format":"standard","meta":[],"categories":[1],"tags":[],"_links":{"self":[{"href":"https:\/\/blog.telenuovo.it\/gianluca-vighini\/wp-json\/wp\/v2\/posts\/5930"}],"collection":[{"href":"https:\/\/blog.telenuovo.it\/gianluca-vighini\/wp-json\/wp\/v2\/posts"}],"about":[{"href":"https:\/\/blog.telenuovo.it\/gianluca-vighini\/wp-json\/wp\/v2\/types\/post"}],"author":[{"embeddable":true,"href":"https:\/\/blog.telenuovo.it\/gianluca-vighini\/wp-json\/wp\/v2\/users\/2"}],"replies":[{"embeddable":true,"href":"https:\/\/blog.telenuovo.it\/gianluca-vighini\/wp-json\/wp\/v2\/comments?post=5930"}],"version-history":[{"count":1,"href":"https:\/\/blog.telenuovo.it\/gianluca-vighini\/wp-json\/wp\/v2\/posts\/5930\/revisions"}],"predecessor-version":[{"id":5931,"href":"https:\/\/blog.telenuovo.it\/gianluca-vighini\/wp-json\/wp\/v2\/posts\/5930\/revisions\/5931"}],"wp:attachment":[{"href":"https:\/\/blog.telenuovo.it\/gianluca-vighini\/wp-json\/wp\/v2\/media?parent=5930"}],"wp:term":[{"taxonomy":"category","embeddable":true,"href":"https:\/\/blog.telenuovo.it\/gianluca-vighini\/wp-json\/wp\/v2\/categories?post=5930"},{"taxonomy":"post_tag","embeddable":true,"href":"https:\/\/blog.telenuovo.it\/gianluca-vighini\/wp-json\/wp\/v2\/tags?post=5930"}],"curies":[{"name":"wp","href":"https:\/\/api.w.org\/{rel}","templated":true}]}}