{"id":5933,"date":"2021-09-14T12:52:27","date_gmt":"2021-09-14T10:52:27","guid":{"rendered":"https:\/\/blog.telenuovo.it\/gianluca-vighini\/?p=5933"},"modified":"2021-09-14T12:52:27","modified_gmt":"2021-09-14T10:52:27","slug":"squadra-senza-intensita-e-in-caduta-libera-ecco-perche-di-francesco-e-stato-esonerato","status":"publish","type":"post","link":"https:\/\/blog.telenuovo.it\/gianluca-vighini\/2021\/09\/14\/squadra-senza-intensita-e-in-caduta-libera-ecco-perche-di-francesco-e-stato-esonerato\/","title":{"rendered":"SQUADRA SENZA INTENSITA&#8217; E IN CADUTA LIBERA: ECCO PERCHE&#8217; DI FRANCESCO E&#8217; STATO ESONERATO"},"content":{"rendered":"<p>Un fulmine a ciel sereno. Ma neanche troppo. Perch\u00e9 erano molte le facce preoccupate in casa del Verona la settimana scorsa. L&#8217;esonero di Di Francesco alla terza giornata \u00e8 nettamente in controtendenza rispetto al recente passato della gestione Setti. Basti pensare a Pecchia e Grosso, tenuti sulla panchina a dispetto dei santi e contro la piazza. Stavolta non c&#8217;\u00e8 stato nemmeno bisogno della spinta \u201cpopolare\u201d per arrivare alla decisione. Troppe cose ormai non funzionavano e il Verona stava letteralmente affondando.<\/p>\n<p>Allenamenti blandi, superficiali, intensit\u00e0 zero, una condizione fisica precaria. E molti giocatori della vecchia guardia sempre pi\u00f9 scettici. Al di l\u00e0 dei risultati negativi \u00e8 stato questo trend a portare all&#8217;esonero dell&#8217;allenatore abruzzese.<\/p>\n<p>Il Verona di Juric che mangiava l&#8217;erba \u00e8 diventato una squadra sempre pi\u00f9 normale. \u201cGiochiamo bene ma\u2026\u201d lo slogan che giustificava l&#8217;andazzo. L&#8217;errore pi\u00f9 grande di Di Francesco \u00e8 stato probabilmente l&#8217;illusione di poter proseguire con il lavoro di Juric, senza incidere fino in fondo con le proprie idee. L&#8217;errore della societ\u00e0, evidente oggi dopo l&#8217;esonero, aver scelto un allenatore che anche nel temperamento, nulla aveva a che vedere con Juric.<\/p>\n<p>Queste valutazioni devono servire a capire anche la scelta di Tudor. Non ci sarebbe da stupirsi se dietro Tudor ci fosse un \u201cconsiglio\u201d proprio di Ivan, da sempre grande amico ed estimatore di Tudor. Pur non facendo lo stesso calcio di Juric, Tudor gli \u00e8 molto simile nel carattere. Un combattente, un guerriero, che dovrebbe risollevare il Verona prima di tutto da questo punto di vista.<\/p>\n","protected":false},"excerpt":{"rendered":"<p>Un fulmine a ciel sereno. Ma neanche troppo. Perch\u00e9 erano molte le facce preoccupate in casa del Verona la settimana scorsa. L&#8217;esonero di Di Francesco alla terza giornata \u00e8 nettamente in controtendenza rispetto al recente passato della gestione Setti. Basti pensare a Pecchia e Grosso, tenuti sulla panchina a dispetto dei santi e contro la&#8230;  <a class=\"excerpt-read-more\" href=\"https:\/\/blog.telenuovo.it\/gianluca-vighini\/2021\/09\/14\/squadra-senza-intensita-e-in-caduta-libera-ecco-perche-di-francesco-e-stato-esonerato\/\" title=\"Read SQUADRA SENZA INTENSITA&#8217; E IN CADUTA LIBERA: ECCO PERCHE&#8217; DI FRANCESCO E&#8217; STATO ESONERATO\">Leggi tutto &raquo;<\/a><\/p>\n","protected":false},"author":2,"featured_media":0,"comment_status":"open","ping_status":"open","sticky":false,"template":"","format":"standard","meta":[],"categories":[1],"tags":[],"_links":{"self":[{"href":"https:\/\/blog.telenuovo.it\/gianluca-vighini\/wp-json\/wp\/v2\/posts\/5933"}],"collection":[{"href":"https:\/\/blog.telenuovo.it\/gianluca-vighini\/wp-json\/wp\/v2\/posts"}],"about":[{"href":"https:\/\/blog.telenuovo.it\/gianluca-vighini\/wp-json\/wp\/v2\/types\/post"}],"author":[{"embeddable":true,"href":"https:\/\/blog.telenuovo.it\/gianluca-vighini\/wp-json\/wp\/v2\/users\/2"}],"replies":[{"embeddable":true,"href":"https:\/\/blog.telenuovo.it\/gianluca-vighini\/wp-json\/wp\/v2\/comments?post=5933"}],"version-history":[{"count":1,"href":"https:\/\/blog.telenuovo.it\/gianluca-vighini\/wp-json\/wp\/v2\/posts\/5933\/revisions"}],"predecessor-version":[{"id":5934,"href":"https:\/\/blog.telenuovo.it\/gianluca-vighini\/wp-json\/wp\/v2\/posts\/5933\/revisions\/5934"}],"wp:attachment":[{"href":"https:\/\/blog.telenuovo.it\/gianluca-vighini\/wp-json\/wp\/v2\/media?parent=5933"}],"wp:term":[{"taxonomy":"category","embeddable":true,"href":"https:\/\/blog.telenuovo.it\/gianluca-vighini\/wp-json\/wp\/v2\/categories?post=5933"},{"taxonomy":"post_tag","embeddable":true,"href":"https:\/\/blog.telenuovo.it\/gianluca-vighini\/wp-json\/wp\/v2\/tags?post=5933"}],"curies":[{"name":"wp","href":"https:\/\/api.w.org\/{rel}","templated":true}]}}