{"id":5961,"date":"2021-10-12T10:18:45","date_gmt":"2021-10-12T08:18:45","guid":{"rendered":"http:\/\/blog.telenuovo.it\/gianluca-vighini\/2021\/10\/12\/setti-non-e-un-emiro-ma-non-e-neanche-satana\/"},"modified":"2021-10-12T10:21:18","modified_gmt":"2021-10-12T08:21:18","slug":"setti-non-e-un-emiro-ma-non-e-neanche-satana","status":"publish","type":"post","link":"https:\/\/blog.telenuovo.it\/gianluca-vighini\/2021\/10\/12\/setti-non-e-un-emiro-ma-non-e-neanche-satana\/","title":{"rendered":"SETTI NON E&#8217; UN EMIRO MA NON E&#8217; NEANCHE SATANA"},"content":{"rendered":"<p>Chi \u00e8 Maurizio Setti? Che giudizio dar\u00e0 la storia sul presidente del Verona? Ci siamo spesso arrovellati su queste considerazioni, molto spesso condizionati dai risultati della squadra scaligera. Non \u00e8 facile rispondere perch\u00e9 il rischio di fraintendimento \u00e8 alto e non \u00e8 nemmeno facile essere compresi. Bisogna anche astrarre il personale giudizio sull\u2019antipatia o la simpatia del personaggio per guardare solo al suo lavoro alla guida del Verona.<\/p>\n<p>I fatti dicono che Setti ha preso il Verona nel 2012, nove anni fa. Sei di questi il Verona li ha passati in serie A, ottenendo tre promozioni dalla serie B. E\u2019 un bilancio notevolmente migliore rispetto a tutte le gestioni precedenti, anni di Chiampan esclusi, ovviamente.<\/p>\n<p>Basterebbe questo per girare in positivo il giudizio. In realt\u00e0 qualche considerazione va fatta perch\u00e8 nessun proprietario precedente a Setti ha mai goduto di tanti soldi assicurati dal sistema calcio. E nonostante questi soldi il Verona \u00e8 retrocesso malamente due volte, una in particolare con una rosa altamente inadeguata. Una retrocessione quasi programmata, tesa ad abbassare i costi e a incassare il paracadute.<\/p>\n<p>Va detto che dopo quella sciagurata stagione con l\u2019aggravante della successiva in cui Setti ha quasi \u201cbissato\u201d il fallimento sportivo rischiando clamorosamente di non andare in serie A fino all\u2019esonero di Grosso, la societ\u00e0 ha svoltato, cercando una stabilit\u00e0 che da tempo a Verona non vedevamo.<\/p>\n<p>L\u2019ingaggio di Juric, due stagioni fantastiche e tante plusvalenze hanno prodotto opulenza finanziaria ma anche una rosa che negli anni \u00e8 sempre migliorata e in cui i giocatori di propriet\u00e0 sono sempre di pi\u00f9.<\/p>\n<p>Una crescita che probabilmente con un imprenditore pi\u00f9 forte di Setti avrebbe potuto essere esponenziale ed \u00e8 proprio su questo punto che bisogna riflettere. Possiamo fare una colpa a Setti di non essere un emiro saudita? Evidentemente no. Anche perch\u00e9 lo stesso Setti non ha mai barato su questo punto. Setti \u00e8 un piccolissimo imprenditore che da solo sta gestendo il Verona. Credo che fino ad oggi, date le possibilit\u00e0, abbia comunque fatto il massimo possibile. Credo anche che questo massimo sia stato raggiunto. Pi\u00f9 di cos\u00ec, Setti difficilmente potr\u00e0 fare alla guida del Verona. Juric lo sapeva benissimo quando ha firmato il suo contratto triennale e tirare Setti per la giacchetta da questo punto di vista non \u00e8 stato giusto.<\/p>\n<p>Il pi\u00f9 grande merito di Setti, credo, sia aver fatto capire alla citt\u00e0 e agli imprenditori veronesi che il Verona \u00e8 un buon affare quando gestito con criterio. Il fatto che il presidente si paghi un lauto stipendio per il suo lavoro non rappresenta di per s\u00e8 un problema. A patto che il lavoro sia buono. E poich\u00e8 negli ultimi due anni la gestione del Verona e i risultati sportivi sono stati eccellenti, ritengo personalmente adeguato lo stipendio di Setti. Non \u00e8 quello il problema. Lo sar\u00e0 nel momento in cui il Verona dovesse retrocedere e Setti continuasse a pagarsi quell\u2019emolumento.<\/p>\n<p>Tornando al giudizio: quest\u2019anno sar\u00e0 una stagione fondamentale per il Verona e per lo stesso presidente. Il Verona non si salva per tre anni di fila in serie A dagli anni di Bagnoli, riuscirci sarebbe una piccola, grande impresa che assicurerebbe al presidente un importante posto nella storia del Verona. Che \u00e8 molto meglio di essere simpatico.<span class=\"Apple-converted-space\">\u00a0<\/span><\/p>\n","protected":false},"excerpt":{"rendered":"<p>Chi \u00e8 Maurizio Setti? Che giudizio dar\u00e0 la storia sul presidente del Verona? Ci siamo spesso arrovellati su queste considerazioni, molto spesso condizionati dai risultati della squadra scaligera. Non \u00e8 facile rispondere perch\u00e9 il rischio di fraintendimento \u00e8 alto e non \u00e8 nemmeno facile essere compresi. Bisogna anche astrarre il personale giudizio sull\u2019antipatia o la&#8230;  <a class=\"excerpt-read-more\" href=\"https:\/\/blog.telenuovo.it\/gianluca-vighini\/2021\/10\/12\/setti-non-e-un-emiro-ma-non-e-neanche-satana\/\" title=\"Read SETTI NON E&#8217; UN EMIRO MA NON E&#8217; NEANCHE SATANA\">Leggi tutto &raquo;<\/a><\/p>\n","protected":false},"author":2,"featured_media":0,"comment_status":"open","ping_status":"open","sticky":false,"template":"","format":"standard","meta":[],"categories":[1],"tags":[],"_links":{"self":[{"href":"https:\/\/blog.telenuovo.it\/gianluca-vighini\/wp-json\/wp\/v2\/posts\/5961"}],"collection":[{"href":"https:\/\/blog.telenuovo.it\/gianluca-vighini\/wp-json\/wp\/v2\/posts"}],"about":[{"href":"https:\/\/blog.telenuovo.it\/gianluca-vighini\/wp-json\/wp\/v2\/types\/post"}],"author":[{"embeddable":true,"href":"https:\/\/blog.telenuovo.it\/gianluca-vighini\/wp-json\/wp\/v2\/users\/2"}],"replies":[{"embeddable":true,"href":"https:\/\/blog.telenuovo.it\/gianluca-vighini\/wp-json\/wp\/v2\/comments?post=5961"}],"version-history":[{"count":2,"href":"https:\/\/blog.telenuovo.it\/gianluca-vighini\/wp-json\/wp\/v2\/posts\/5961\/revisions"}],"predecessor-version":[{"id":5963,"href":"https:\/\/blog.telenuovo.it\/gianluca-vighini\/wp-json\/wp\/v2\/posts\/5961\/revisions\/5963"}],"wp:attachment":[{"href":"https:\/\/blog.telenuovo.it\/gianluca-vighini\/wp-json\/wp\/v2\/media?parent=5961"}],"wp:term":[{"taxonomy":"category","embeddable":true,"href":"https:\/\/blog.telenuovo.it\/gianluca-vighini\/wp-json\/wp\/v2\/categories?post=5961"},{"taxonomy":"post_tag","embeddable":true,"href":"https:\/\/blog.telenuovo.it\/gianluca-vighini\/wp-json\/wp\/v2\/tags?post=5961"}],"curies":[{"name":"wp","href":"https:\/\/api.w.org\/{rel}","templated":true}]}}