{"id":5992,"date":"2022-01-06T18:03:59","date_gmt":"2022-01-06T17:03:59","guid":{"rendered":"http:\/\/blog.telenuovo.it\/gianluca-vighini\/2022\/01\/06\/per-un-damico-in-piu\/"},"modified":"2022-01-06T18:03:59","modified_gmt":"2022-01-06T17:03:59","slug":"per-un-damico-in-piu","status":"publish","type":"post","link":"https:\/\/blog.telenuovo.it\/gianluca-vighini\/2022\/01\/06\/per-un-damico-in-piu\/","title":{"rendered":"PER UN D&#8217;AMICO IN PI\u00da"},"content":{"rendered":"<p>Con Tony D&#8217;Amico ci sono state scintille in passato. Non lo reputavo pronto a essere il ds del Verona, erede di Fusco, inadatto al ruolo. Tony s&#8217;incazz\u00f2 con me e con Telenuovo in una conferenza stampa diventata famosa. Pensava fossimo noi a far andar male le cose, se Grosso non ne imbroccava una. Semplicemente facevamo notare quello che era evidente a tutti. Grosso non c&#8217;entrava niente col Verona. Ci siamo trovati una volta in un&#8217;aula del tribunale per cercare di trovare un&#8217;intesa. Non avevo mai parlato con lui, non c&#8217;era modo di intenderci, ma quel giorno abbiamo allacciato un minimo di rapporto. Forse lui si accorse che non ero cos\u00ec stronzo come gli raccontavano le anime nere della sede e io mi accorsi che non era cos\u00ec scarso come pensavo. Anzi. Vidi una persona di carattere, risoluta, pronta a lottare per le sue idee e per il Verona.<\/p>\n<p>Poi c&#8217;\u00e8 stato un altro incontro: stavolta pi\u00f9 disteso, ma in cui ci siamo detti in faccia tutto. Io quello che pensavo di lui e lui quello che pensavo di me. Da quel giorno con D&#8217;Amico non ho pi\u00f9 avuto problemi. Come sempre faccio ho cercato di essere libero nel mio giudizio. Ne ho apprezzato la capacit\u00e0 di stare a fianco di Juric. Credo che Tony sia cresciuto moltissimo accanto all&#8217;allenatore croato, che lo ha fatto migliorare nella gestione e nella visione del calcio. Ma credo anche che Juric ne abbia assai beneficiato. Tanto da rimpiangerlo oggi.<\/p>\n<p>Dopo l&#8217;addio traumatico di Juric c&#8217;era il rischio che il castello cadesse. E invece, proprio in quel momento, Tony D&#8217;Amico \u00e8 uscito fuori dimostrando di essere oggi la trave portante del Verona. Ha sbagliato con Di Francesco, ma ha avuto intelligenza, capacit\u00e0 e, permettetemi, le palle, di cambiare assumendosi tutta la responsabilit\u00e0. Lo ha fatto perch\u00e9 credeva veramente nel suo lavoro e nella squadra che aveva costruito. &#8220;E&#8217; forte&#8221; mi disse quando esoner\u00f2 Di Francesco, vincendo a fatica la mia diffidenza. Aveva ragione lui. \u00a0 Se allenata in \u00a0un certo modo questa squadra \u00e8 forte e Tony sapeva che con Tudor le cose sarebbero tornate al loro posto. Questo Verona \u00e8 figlio suo, non c&#8217;\u00e8 dubbio, ed \u00e8 merito suo se l&#8217;addio di Juric non ha provocato ribaltoni. Cedendo Zaccagni e prendendo Caprari, penso abbia costruito il suo capolavoro. Non l&#8217;unico, peraltro. Oggi \u00e8 l&#8217;uomo pi\u00f9 importante del Verona, Setti che lo ha scelto e lo ha difeso, giustamente se lo pu\u00f2 coccolare.<\/p>\n","protected":false},"excerpt":{"rendered":"<p>Con Tony D&#8217;Amico ci sono state scintille in passato. Non lo reputavo pronto a essere il ds del Verona, erede di Fusco, inadatto al ruolo. Tony s&#8217;incazz\u00f2 con me e con Telenuovo in una conferenza stampa diventata famosa. Pensava fossimo noi a far andar male le cose, se Grosso non ne imbroccava una. Semplicemente facevamo&#8230;  <a class=\"excerpt-read-more\" href=\"https:\/\/blog.telenuovo.it\/gianluca-vighini\/2022\/01\/06\/per-un-damico-in-piu\/\" title=\"Read PER UN D&#8217;AMICO IN PI\u00da\">Leggi tutto &raquo;<\/a><\/p>\n","protected":false},"author":2,"featured_media":0,"comment_status":"open","ping_status":"open","sticky":false,"template":"","format":"standard","meta":[],"categories":[1],"tags":[],"_links":{"self":[{"href":"https:\/\/blog.telenuovo.it\/gianluca-vighini\/wp-json\/wp\/v2\/posts\/5992"}],"collection":[{"href":"https:\/\/blog.telenuovo.it\/gianluca-vighini\/wp-json\/wp\/v2\/posts"}],"about":[{"href":"https:\/\/blog.telenuovo.it\/gianluca-vighini\/wp-json\/wp\/v2\/types\/post"}],"author":[{"embeddable":true,"href":"https:\/\/blog.telenuovo.it\/gianluca-vighini\/wp-json\/wp\/v2\/users\/2"}],"replies":[{"embeddable":true,"href":"https:\/\/blog.telenuovo.it\/gianluca-vighini\/wp-json\/wp\/v2\/comments?post=5992"}],"version-history":[{"count":0,"href":"https:\/\/blog.telenuovo.it\/gianluca-vighini\/wp-json\/wp\/v2\/posts\/5992\/revisions"}],"wp:attachment":[{"href":"https:\/\/blog.telenuovo.it\/gianluca-vighini\/wp-json\/wp\/v2\/media?parent=5992"}],"wp:term":[{"taxonomy":"category","embeddable":true,"href":"https:\/\/blog.telenuovo.it\/gianluca-vighini\/wp-json\/wp\/v2\/categories?post=5992"},{"taxonomy":"post_tag","embeddable":true,"href":"https:\/\/blog.telenuovo.it\/gianluca-vighini\/wp-json\/wp\/v2\/tags?post=5992"}],"curies":[{"name":"wp","href":"https:\/\/api.w.org\/{rel}","templated":true}]}}