{"id":6025,"date":"2022-04-24T03:02:20","date_gmt":"2022-04-24T01:02:20","guid":{"rendered":"http:\/\/blog.telenuovo.it\/gianluca-vighini\/?p=6025"},"modified":"2022-04-24T03:02:21","modified_gmt":"2022-04-24T01:02:21","slug":"parliamo-un-po-di-noi","status":"publish","type":"post","link":"https:\/\/blog.telenuovo.it\/gianluca-vighini\/2022\/04\/24\/parliamo-un-po-di-noi\/","title":{"rendered":"PARLIAMO UN PO&#8217; DI NOI&#8230;"},"content":{"rendered":"\n<p>Una mia risposta a un lettore ha scatenato nell&#8217;ultimo blog un dibattito inaspettato. Ho detto a questo lettore che non poteva farsi i cazzi suoi in questo spazio perch\u00e9 questa \u00e8 casa mia. Il lettore aveva fatto un commento che ho ritenuto fuori contesto in cui dedicava (lui) la vittoria di Bergamo a Ciccio Mascetti. Il suo intento era evidente: zittire le polemiche post Inter con la bella prestazione del Verona. Un atteggiamento che mi ha veramente innervosito perch\u00e8 calpestava a mio modo di vedere un&#8217;altra volta la leggenda giallobl\u00f9. <\/p>\n\n\n\n<p>Almeno io l&#8217;ho inteso cos\u00ec, forse ho sbagliato, ma non credo. Comunque la frase &#8220;questa \u00e8 casa mia&#8221; ha colpito molti di voi. Ed \u00e8 partito un dibattito che ho lasciato correre per tutta la scorsa settimana e che ho letto con piacere. Il lettore con cui ho battibeccato ha detto che ce l&#8217;ho con lui perch\u00e9 da &#8220;sempre&#8221; critica me, la mia trasmissione, gli ospiti. Ha detto &#8220;bannami&#8221; cos\u00ec si capir\u00e0 che razza di despota sei. Si \u00e8 evidentemente sopravvalutato perch\u00e9 in realt\u00e0 non l&#8217;avevo mai letto n\u00e9 considerato prima di quel momento. <\/p>\n\n\n\n<p>Altri hanno replicato, tirando in ballo linee editoriali e gusti personali. Sono abituato a questo tipo di scambi dialettici, l&#8217;unico dispiacere \u00e8 che nessuno ha mai il coraggio di dirmi in faccia quello che pensa. Purtroppo faccio molta fatica a partecipare a un dibattito che non \u00e8 paritario: mentre io compaio sempre con la mia faccia, con la mia firma, assumendomi sempre la responsabilit\u00e0 di ci\u00f2 che scrivo chi sta dall&#8217;altra parte spesso critica e offende  in maniera anonima, cambiando nick e mail a seconda delle convenienze, in maniera strumentale, organizzando &#8220;shitstorm&#8221;.  Questo nel corso degli anni mi ha portato a limitare moltissimo gli interventi e il dialogo perch\u00e9 in realt\u00e0 per essere tale mancava esattamente una parte, l&#8217;altra parte, l&#8217;interlocutore. Si pu\u00f2 parlare con un nick finto? <\/p>\n\n\n\n<p>Che cos&#8217;\u00e8 dunque questo spazio? Ho sempre pensato che questo blog potesse essere una specie di scossa elettrica,  un momento di riflessione. Ho un solo scopo: difendere quello che io penso sia l&#8217;Hellas Verona. Un&#8217;idea, un pensiero, un piccolo ideale. In questi anni siamo passati attraverso minacce di ogni tipo e l&#8217;esistenza del Verona \u00e8 stata pi\u00f9 volte messa a rischio. Ho visto personaggi della peggior risma, ed ho visto ahim\u00e8 un sacco di tifosi che si sono fatti &#8220;comprare&#8221; l&#8217;anima da questi personaggi. Non so se sono adeguato a farlo, forse no, ma questa \u00e8 la mia idea, l&#8217;unica che mi ha guidato in questi anni e che continuer\u00e0 a guidarmi.  Ho criticato Pastorello aspramente, Arvedi, Martinelli, Setti. <\/p>\n\n\n\n<p>Quest&#8217;ultimo non sprizza simpatia, n\u00e8 veronesit\u00e0. Ha fatto cose ottime e altre pessime. Non sa la storia del Verona, \u00e8 superficiale, affarista, ha pianificato una retrocessione a tavolino e diceva che era colpa nostra (di tutti noi) che avevamo creato un ambiente ostile e ha voluto farci credere che a volte il treno si ferma col culo&#8230; Per\u00f2 \u00e8 anche maledettamente bravo nel fare l&#8217;imprenditore calcistico, sa organizzare le societ\u00e0, vendere al momento giusto, comprare senza sperperare. La storia dell&#8217;Hellas Verona gli ha riconosciuto di essere il miglior presidente dell&#8217;era post scudetto. Il fatto che lo dica io che di certo non gli ha mai risparmiato niente, penso possa fargli ancora pi\u00f9 piacere. E il bello \u00e8 che io non ho nessun problema a dirlo. Proprio perch\u00e9 a me interessa l&#8217;Hellas Verona e non Setti, o Mandorlini o Toni, o Pazzini. Chi fa il bene dell&#8217;Hellas Verona merita gli applausi. Chi invece lo danneggia merita critiche e censure.<\/p>\n\n\n\n<p>Il blog, dunque, \u00e8 innanzitutto il mio pensiero. Di cui mi prendo e mi prender\u00f2 sempre le mie responsabilit\u00e0. E poi c&#8217;\u00e8 chi vi partecipa. E&#8217; ovvio che dietro molti nick, diciamo cos\u00ec, &#8220;mobili&#8221; si sia celato di tutto. Dirigenti del Verona (proprio cos\u00ec&#8230;), ex dirigenti, calciatori, padri di calciatori, mogli di calciatori, colleghi invidiosi o arrabbiati, lacch\u00e8. Potrei scrivere un libro sull&#8217;argomento e forse un giorno lo far\u00f2&#8230; Vi dico solo che a volte ho avuto sorprese incredibili. Tipo quel tale che offendeva in maniera pesantissima, con parolacce ed era&#8230; un prete missionario. O l&#8217;altro che mi ha fatto ricorrere alla Digos ed era un dirigente d&#8217;azienda che poi in lacrime mi ha chiesto di ritirare la denuncia, o quello che parlava a nome di Parentela (ve lo ricordate?) ed era un giornalista di cui \u00e8 meglio tacere il nome per carit\u00e0 di patria&#8230; Uno che tra l&#8217;altro continua la sua attivit\u00e0 diffamatoria su altri social.<\/p>\n\n\n\n<p>Questo, dunque, \u00e8 un blog, non un muro dell&#8217;Hellas. Non \u00e8 nemmeno una chat su Telegram o su Whatsapp. Si rispetta quel minimo di educazione che si deve tenere quando si va far visita in casa altrui. Siete tutti benvenuti, non banno nessuno se non ci sono offese o campagne denigratorie. <\/p>\n\n\n\n<p>Amo il Verona, forse troppo. Il mio unico vero difetto in un mondo in cui chi ha passione, amore e un po&#8217; di coraggio viene visto come un povero matto da screditare affinch\u00e9 loro possano continuare a fare i loro affari indisturbati. Sono disilluso e penso che il Verona sia ormai solo una romantica idea nelle mia testa. Almeno finch\u00e9 non segna El Cholito.<\/p>\n","protected":false},"excerpt":{"rendered":"<p>Una mia risposta a un lettore ha scatenato nell&#8217;ultimo blog un dibattito inaspettato. Ho detto a questo lettore che non poteva farsi i cazzi suoi in questo spazio perch\u00e9 questa \u00e8 casa mia. Il lettore aveva fatto un commento che ho ritenuto fuori contesto in cui dedicava (lui) la vittoria di Bergamo a Ciccio Mascetti&#8230;.  <a class=\"excerpt-read-more\" href=\"https:\/\/blog.telenuovo.it\/gianluca-vighini\/2022\/04\/24\/parliamo-un-po-di-noi\/\" title=\"Read PARLIAMO UN PO&#8217; DI NOI&#8230;\">Leggi tutto &raquo;<\/a><\/p>\n","protected":false},"author":2,"featured_media":0,"comment_status":"open","ping_status":"open","sticky":false,"template":"","format":"standard","meta":[],"categories":[1],"tags":[],"_links":{"self":[{"href":"https:\/\/blog.telenuovo.it\/gianluca-vighini\/wp-json\/wp\/v2\/posts\/6025"}],"collection":[{"href":"https:\/\/blog.telenuovo.it\/gianluca-vighini\/wp-json\/wp\/v2\/posts"}],"about":[{"href":"https:\/\/blog.telenuovo.it\/gianluca-vighini\/wp-json\/wp\/v2\/types\/post"}],"author":[{"embeddable":true,"href":"https:\/\/blog.telenuovo.it\/gianluca-vighini\/wp-json\/wp\/v2\/users\/2"}],"replies":[{"embeddable":true,"href":"https:\/\/blog.telenuovo.it\/gianluca-vighini\/wp-json\/wp\/v2\/comments?post=6025"}],"version-history":[{"count":1,"href":"https:\/\/blog.telenuovo.it\/gianluca-vighini\/wp-json\/wp\/v2\/posts\/6025\/revisions"}],"predecessor-version":[{"id":6026,"href":"https:\/\/blog.telenuovo.it\/gianluca-vighini\/wp-json\/wp\/v2\/posts\/6025\/revisions\/6026"}],"wp:attachment":[{"href":"https:\/\/blog.telenuovo.it\/gianluca-vighini\/wp-json\/wp\/v2\/media?parent=6025"}],"wp:term":[{"taxonomy":"category","embeddable":true,"href":"https:\/\/blog.telenuovo.it\/gianluca-vighini\/wp-json\/wp\/v2\/categories?post=6025"},{"taxonomy":"post_tag","embeddable":true,"href":"https:\/\/blog.telenuovo.it\/gianluca-vighini\/wp-json\/wp\/v2\/tags?post=6025"}],"curies":[{"name":"wp","href":"https:\/\/api.w.org\/{rel}","templated":true}]}}