{"id":6071,"date":"2022-08-28T22:38:16","date_gmt":"2022-08-28T20:38:16","guid":{"rendered":"http:\/\/blog.telenuovo.it\/gianluca-vighini\/?p=6071"},"modified":"2022-08-28T23:13:39","modified_gmt":"2022-08-28T21:13:39","slug":"serve-qualita-ma-smettiamola-col-disfattismo","status":"publish","type":"post","link":"https:\/\/blog.telenuovo.it\/gianluca-vighini\/2022\/08\/28\/serve-qualita-ma-smettiamola-col-disfattismo\/","title":{"rendered":"SERVE QUALITA&#8217; MA SMETTIAMOLA COL DISFATTISMO"},"content":{"rendered":"\n<p><strong>Concetto numero uno: il Verona si \u00e8 indebolito perch\u00e9 oggettivamente ha perso tre giocatori da 40 gol e che hanno fatto la differenza.<\/strong><\/p>\n\n\n\n<p><strong>Concetto numero due: il Verona ha bisogno di qualit\u00e0, subito, pronta non di scommesse rischiose (Ilicic) n\u00e8 di scommesse future.<\/strong><\/p>\n\n\n\n<p><strong>Concetto numero tre e non \u00e8 in conflitto con gli altri due. Smettiamola con il disfattismo. Il Verona si \u00e8 indebolito ma non \u00e8 stato smantellato. Se vogliamo vedere senza pregiudizi la gara con l\u2019Atalanta c\u2019\u00e8 da stare sereni. Il Verona sicuramente lotter\u00e0 per la salvezza e avr\u00e0, giocando cos\u00ec, molte possibilit\u00e0 di salvarsi.<\/strong><\/p>\n\n\n\n<p><strong>Questo non \u00e8 il paradiso. Sono anni che lo diciamo e siamo stati per anni gli unici a denunciare la gestione di Setti quando pianificava retrocessioni a tavolino incassando i paracaduti e poi quando sbagliava completamente le altre scelte. Eravamo persino stati tacciati di essere la banda Malox e sono volate querele reciproche. Questo solo per ricordare che noi a Setti non ne abbiamo mai risparmiata una. Ma siccome siamo persone oneste e senza nessuno obiettivo che non sia quello del bene del Verona, altrettanto lo abbiamo elogiato quando ha fatto le cose fatte bene. Che cosa si pu\u00f2 imputare a Setti negli ultimi quattro anni? Ha ottenuto grandi risultati, i bilanci del Verona sono sani, abbiamo visto all\u2019opera grandi giocatori e ottimi allenatori. Non \u00e8 il paradiso ma realisticamente, questo \u00e8 il migliore dei mondi possibili.<\/strong><\/p>\n\n\n\n<p><strong>Poi, certo, si pu\u00f2 sempre migliorare. Si pu\u00f2 finire nelle mani di un ricco americano spendaccione, o in quelle di Berlusconi. Il massimo sarebbe avere una propriet\u00e0 veronese da scegliere tra tutte le grandissime realt\u00e0 economiche della nostra citt\u00e0 (i nomi fateli voi\u2026). Che per\u00f2, lo sappiamo, da sempre non ci sono e, per motivi loro, al Verona hanno sempre girato le spalle. E quindi cosa facciamo? Continuiamo a macerarci in questo assurdo gioco da Tafazzi, giocando al disfattismo oppure capiamo una volta per tutte che questo \u00e8 Setti, che pi\u00f9 di cos\u00ec lui non pu\u00f2 fare e che alla fine, in un modo o nell\u2019altro anche quest\u2019anno una squadra dignitosa sar\u00e0 costruita? Se poi mi dite che dobbiamo alzare l&#8217;asticella, che dobbiamo esigere dalla societ\u00e0 tutto il meglio, che dobbiamo sempre vigilare affinch\u00e9 le cose siano sempre fatte per il bene dell&#8217;Hellas\u2026 sfondate una porta aperta.<\/strong><\/p>\n\n\n\n<p><strong>Torniamo al Verona. Contro l\u2019Atalanta ho visto una squadra limitata, certo, ma che ha combattuto. Potevamo pareggiare e non era uno scandalo, sebbene l\u2019Atalanta abbia meritato di vincere. Dopo il Bari e dopo il Napoli ero seriamente preoccupato. Dopo questa gara non lo sono. Il Verona c\u2019\u00e8 e lotta insieme a noi. E\u2019 gi\u00e0 abbastanza, oppure ci siamo cos\u00ec tanto imborghesiti che ci siamo dimenticati il nostro passato? Sarebbe un errore madornale. La sofferenza ci appartiene e non ci spaventa. O forse s\u00ec?<\/strong><\/p>\n","protected":false},"excerpt":{"rendered":"<p>Concetto numero uno: il Verona si \u00e8 indebolito perch\u00e9 oggettivamente ha perso tre giocatori da 40 gol e che hanno fatto la differenza. Concetto numero due: il Verona ha bisogno di qualit\u00e0, subito, pronta non di scommesse rischiose (Ilicic) n\u00e8 di scommesse future. Concetto numero tre e non \u00e8 in conflitto con gli altri due&#8230;.  <a class=\"excerpt-read-more\" href=\"https:\/\/blog.telenuovo.it\/gianluca-vighini\/2022\/08\/28\/serve-qualita-ma-smettiamola-col-disfattismo\/\" title=\"Read SERVE QUALITA&#8217; MA SMETTIAMOLA COL DISFATTISMO\">Leggi tutto &raquo;<\/a><\/p>\n","protected":false},"author":2,"featured_media":0,"comment_status":"open","ping_status":"open","sticky":false,"template":"","format":"standard","meta":[],"categories":[1],"tags":[],"_links":{"self":[{"href":"https:\/\/blog.telenuovo.it\/gianluca-vighini\/wp-json\/wp\/v2\/posts\/6071"}],"collection":[{"href":"https:\/\/blog.telenuovo.it\/gianluca-vighini\/wp-json\/wp\/v2\/posts"}],"about":[{"href":"https:\/\/blog.telenuovo.it\/gianluca-vighini\/wp-json\/wp\/v2\/types\/post"}],"author":[{"embeddable":true,"href":"https:\/\/blog.telenuovo.it\/gianluca-vighini\/wp-json\/wp\/v2\/users\/2"}],"replies":[{"embeddable":true,"href":"https:\/\/blog.telenuovo.it\/gianluca-vighini\/wp-json\/wp\/v2\/comments?post=6071"}],"version-history":[{"count":7,"href":"https:\/\/blog.telenuovo.it\/gianluca-vighini\/wp-json\/wp\/v2\/posts\/6071\/revisions"}],"predecessor-version":[{"id":6078,"href":"https:\/\/blog.telenuovo.it\/gianluca-vighini\/wp-json\/wp\/v2\/posts\/6071\/revisions\/6078"}],"wp:attachment":[{"href":"https:\/\/blog.telenuovo.it\/gianluca-vighini\/wp-json\/wp\/v2\/media?parent=6071"}],"wp:term":[{"taxonomy":"category","embeddable":true,"href":"https:\/\/blog.telenuovo.it\/gianluca-vighini\/wp-json\/wp\/v2\/categories?post=6071"},{"taxonomy":"post_tag","embeddable":true,"href":"https:\/\/blog.telenuovo.it\/gianluca-vighini\/wp-json\/wp\/v2\/tags?post=6071"}],"curies":[{"name":"wp","href":"https:\/\/api.w.org\/{rel}","templated":true}]}}