{"id":6090,"date":"2022-09-25T17:15:05","date_gmt":"2022-09-25T15:15:05","guid":{"rendered":"http:\/\/blog.telenuovo.it\/gianluca-vighini\/?p=6090"},"modified":"2022-09-25T17:15:06","modified_gmt":"2022-09-25T15:15:06","slug":"liberarsi-del-fantasma-di-juric-per-il-bene-del-verona","status":"publish","type":"post","link":"https:\/\/blog.telenuovo.it\/gianluca-vighini\/2022\/09\/25\/liberarsi-del-fantasma-di-juric-per-il-bene-del-verona\/","title":{"rendered":"LIBERARSI DEL FANTASMA DI JURIC PER IL BENE DEL VERONA"},"content":{"rendered":"\n<p>Considero Juric uno dei migliori allenatori che ho conosciuto. Non il migliore ma tra i migliori. Il Verona ha avuto la fortuna di ingaggiarlo e grazie a lui la storia recente del club \u00e8 cambiata. Juric ha prodotto un calcio bellissimo e tantissime plusvalenze che hanno permesso a Setti di vivere in serie A pur senza investimenti e anzi traendo dal Verona lauti guadagni. Dio solo sa dove sarebbe oggi l&#8217;Hellas senza quelle plusvalenze e, bisogna pur dirlo, senza la miracolosa risalita dalla serie B di Aglietti.<\/p>\n\n\n\n<p>Probabilmente oggi staremmo vivendo tutta un&#8217;altra storia, molto pi\u00f9 simile a quella che abbiamo conosciuto bene qualche anno fa, piuttosto che questa in serie A. Dato a Juric quel che \u00e8 di Juric, oggi \u00e8 necessario voltare pagina. In fretta e per il bene del Verona. Non \u00e8 possibile che il Verona intero sia &#8220;prigioniero&#8221; del fantasma di Juric quasi che il calcio stesso a Verona si sia fermato con il croato. Il suo &#8220;modello&#8221; di calcio \u00e8 difficilmente replicabile, lo devono capire in fretta Setti e poi Marroccu, ma lo devono capire in fretta anche molti giocatori che cercano in &#8220;automatico&#8221; di adottare quel tipo di calcio che ha fatto la loro fortuna assieme a quella del Verona. <\/p>\n\n\n\n<p>L&#8217;errore grossolano compiuto da D&#8217;Amico nella scorsa stagione fu proprio quello di chiedere a Eusebio Di Francesco, ottimo allenatore tra l&#8217;altro, di abiurare il suo calcio per &#8220;imitare&#8221; quello di Juric. Ne venne fuori un abominio che venne terminato alla terza partita, quando D&#8217;Amico cap\u00ec che si sarebbe solo peggiorata una situazione che la squadra non sentiva sua. A maggior ragione oggi si sta ricommettendo quell&#8217;errore. <\/p>\n\n\n\n<p>Cioffi non \u00e8 Juric e non \u00e8 Tudor, che ha proseguito quel lavoro proprio grazie agli input di D&#8217;Amico e a quelli dell&#8217;amico Ivan, inutile che stiamo qui tanto a girarci intorno. <\/p>\n\n\n\n<p>Gabriele, lo dico per l&#8217;ennesima volta, \u00e8 un ragazzo intelligente e per certi versi concreto che sta cercando di portare fuori il Verona da quel fantasma. Ma lo ha fatto tornando indietro, abbracciando un&#8217;altra filosofia di gioco, diversa dalla sua,  quando si \u00e8 accorto che la squadra stava &#8220;rigettando&#8221; la sua proposta. <\/p>\n\n\n\n<p>Ma il Verona di Firenze, purtroppo, ha dimostrato di non essere ancora n\u00e8 carne n\u00e8 pesce. Nel frattempo ci sono giocatori che sembrano spaesati, sia tra i nuovi sia tra i vecchi. Coppola non pu\u00f2 marcare a uomo uno veloce come Ikon\u00e8, Hien \u00e8 fortissimo ma probabilmente a zona, a centrocampo c&#8217;\u00e8 un problema enorme con Veloso che ha al massimo sessanta minuti, Tameze che non \u00e8 pi\u00f9 lui. Hongla che resta un Ufo e Ilic che va a corrente alternata, senza un vero progetto tattico disegnato su di lui. E poi manca sempre il braccetto di sinistra, vecchio problema non risolto dal mercato, perch\u00e8 Doig, ottimo per spinta e propositivit\u00e0 quel ruolo adesso non pu\u00f2 farlo e Cabral deve essere atteso con pazienza. <\/p>\n\n\n\n<p>Il problema non \u00e8 Cioffi, dunque, ma &#8220;filosofico&#8221; di impostazione e parte da lontano. Qualsiasi allenatore arrivasse a Verona in questo momento si troverebbe davanti a questo problema: quello di una transizione che deve essere affrontata per\u00f2 con forza e personalit\u00e0. Senza cedimenti, n\u00e8 ricatti, n\u00e8 compromessi. Che gi\u00e0 probabilmente sono stati eccessivi e forse, speriamo di no per il bene dell&#8217;Hellas, costeranno cari al povero Cioffi. Abbiamo il dovere tutti noi di liberarci del fantasma di Juric prima che sia troppo tardi.<\/p>\n","protected":false},"excerpt":{"rendered":"<p>Considero Juric uno dei migliori allenatori che ho conosciuto. Non il migliore ma tra i migliori. Il Verona ha avuto la fortuna di ingaggiarlo e grazie a lui la storia recente del club \u00e8 cambiata. Juric ha prodotto un calcio bellissimo e tantissime plusvalenze che hanno permesso a Setti di vivere in serie A pur&#8230;  <a class=\"excerpt-read-more\" href=\"https:\/\/blog.telenuovo.it\/gianluca-vighini\/2022\/09\/25\/liberarsi-del-fantasma-di-juric-per-il-bene-del-verona\/\" title=\"Read LIBERARSI DEL FANTASMA DI JURIC PER IL BENE DEL VERONA\">Leggi tutto &raquo;<\/a><\/p>\n","protected":false},"author":2,"featured_media":0,"comment_status":"open","ping_status":"open","sticky":false,"template":"","format":"standard","meta":[],"categories":[1],"tags":[],"_links":{"self":[{"href":"https:\/\/blog.telenuovo.it\/gianluca-vighini\/wp-json\/wp\/v2\/posts\/6090"}],"collection":[{"href":"https:\/\/blog.telenuovo.it\/gianluca-vighini\/wp-json\/wp\/v2\/posts"}],"about":[{"href":"https:\/\/blog.telenuovo.it\/gianluca-vighini\/wp-json\/wp\/v2\/types\/post"}],"author":[{"embeddable":true,"href":"https:\/\/blog.telenuovo.it\/gianluca-vighini\/wp-json\/wp\/v2\/users\/2"}],"replies":[{"embeddable":true,"href":"https:\/\/blog.telenuovo.it\/gianluca-vighini\/wp-json\/wp\/v2\/comments?post=6090"}],"version-history":[{"count":1,"href":"https:\/\/blog.telenuovo.it\/gianluca-vighini\/wp-json\/wp\/v2\/posts\/6090\/revisions"}],"predecessor-version":[{"id":6091,"href":"https:\/\/blog.telenuovo.it\/gianluca-vighini\/wp-json\/wp\/v2\/posts\/6090\/revisions\/6091"}],"wp:attachment":[{"href":"https:\/\/blog.telenuovo.it\/gianluca-vighini\/wp-json\/wp\/v2\/media?parent=6090"}],"wp:term":[{"taxonomy":"category","embeddable":true,"href":"https:\/\/blog.telenuovo.it\/gianluca-vighini\/wp-json\/wp\/v2\/categories?post=6090"},{"taxonomy":"post_tag","embeddable":true,"href":"https:\/\/blog.telenuovo.it\/gianluca-vighini\/wp-json\/wp\/v2\/tags?post=6090"}],"curies":[{"name":"wp","href":"https:\/\/api.w.org\/{rel}","templated":true}]}}