{"id":6108,"date":"2022-11-10T22:13:01","date_gmt":"2022-11-10T21:13:01","guid":{"rendered":"http:\/\/blog.telenuovo.it\/gianluca-vighini\/?p=6108"},"modified":"2022-11-10T22:29:21","modified_gmt":"2022-11-10T21:29:21","slug":"il-verona-non-si-merita-questo-scempio-nonostante-un-presidente-fantasma","status":"publish","type":"post","link":"https:\/\/blog.telenuovo.it\/gianluca-vighini\/2022\/11\/10\/il-verona-non-si-merita-questo-scempio-nonostante-un-presidente-fantasma\/","title":{"rendered":"IL VERONA NON SI MERITA QUESTO SCEMPIO. NONOSTANTE UN PRESIDENTE \u201cFANTASMA\u201d"},"content":{"rendered":"\n<p>Siamo scarsi. Siamo ultimi. Abbiamo un presidente che non investe e che in questa stagione ha sbagliato praticamente tutto. Non serve assolutamente che ci pensino gli arbitri ad affondarci. Nonostante tutto quello che ripetiamo dall\u2019inizio della stagione ci piacerebbe che il Verona retrocedesse per de-meriti propri e non perch\u00e8 lo ha deciso qualcuno. Mi pare evidente che ormai l\u2019Hellas sia stato individuato come il vaso di coccio da rompere a piacimento. Solo gli imbelli di via Olanda non se ne stanno accorgendo. Non \u00e8 un complotto. Semplicemente il Verona \u00e8 debole. Debole dal punto di vista politico, debole nell\u2019immagine, con un proprietario che drena risorse al mondo del calcio invece di metterne. Ma questo non significa che sia giusto lo scempio a cui puntualmente assistiamo domenica dopo domenica, giornata dopo giornata. Di Bello con il Var Nasca ne hanno combinata un\u2019altra, condita dalle solite supercazzole regolamentari che sostengono con le parole ci\u00f2 che le immagini mostrano chiaramente. Interpretazioni che ovviamente saranno smentite puntualmente non appena un rigore come quelli che stasera spettavano al Verona saranno assegnati ad una delle Grandi del nostro piccolo calcio. Siamo della generazione che ha visto Wurtz e non ci stupiamo sicuramente se un Di Bello nega due rigori al Verona. Sappiamo bene come lo schifo possa raggiungere di volta in volta profondit\u00e0 prima sconosciute. Eppure con fanciullesca innocenza ogni volta ci approcciamo con la speranza che il gioco sia pulito, che si possa solamente parlare di calcio, che non ci sia un arbitro a demolire una prestazione di cuore e gamba come quella del Verona di stasera.&nbsp;<\/p>\n\n\n\n<p>E\u2019 stato Salvatore Bocchetti, nella sua miglior conferenza stampa (spontanea, senza fronzoli, con il giusto pathos e la rabbia che emergeva nel vibrare della voce) a difendere il Verona e i suoi tifosi.&nbsp;<\/p>\n\n\n\n<p>Sarebbe stato bello che fosse stato il nostro presidente, l\u2019uomo che rappresenta il nostro club, a comparire pubblicamente a difendere il suo\/nostro interesse, ma pi\u00f9 in generale a difendere il nostro orgoglio, la nostra sportivit\u00e0 e la nostra dignit\u00e0 sportiva e perch\u00e8 no? anche una citt\u00e0 che nel calcio italiano ha una tacca storica come lo scudetto. Ma forse questo \u00e8 chiedere troppo. Del resto, non \u00e8 retorica ma Dna. Siamo sempre soli contro tutti. Da tanti anni.<\/p>\n","protected":false},"excerpt":{"rendered":"<p>Siamo scarsi. Siamo ultimi. Abbiamo un presidente che non investe e che in questa stagione ha sbagliato praticamente tutto. Non serve assolutamente che ci pensino gli arbitri ad affondarci. Nonostante tutto quello che ripetiamo dall\u2019inizio della stagione ci piacerebbe che il Verona retrocedesse per de-meriti propri e non perch\u00e8 lo ha deciso qualcuno. Mi pare&#8230;  <a class=\"excerpt-read-more\" href=\"https:\/\/blog.telenuovo.it\/gianluca-vighini\/2022\/11\/10\/il-verona-non-si-merita-questo-scempio-nonostante-un-presidente-fantasma\/\" title=\"Read IL VERONA NON SI MERITA QUESTO SCEMPIO. NONOSTANTE UN PRESIDENTE \u201cFANTASMA\u201d\">Leggi tutto &raquo;<\/a><\/p>\n","protected":false},"author":2,"featured_media":0,"comment_status":"open","ping_status":"open","sticky":false,"template":"","format":"standard","meta":[],"categories":[1],"tags":[],"_links":{"self":[{"href":"https:\/\/blog.telenuovo.it\/gianluca-vighini\/wp-json\/wp\/v2\/posts\/6108"}],"collection":[{"href":"https:\/\/blog.telenuovo.it\/gianluca-vighini\/wp-json\/wp\/v2\/posts"}],"about":[{"href":"https:\/\/blog.telenuovo.it\/gianluca-vighini\/wp-json\/wp\/v2\/types\/post"}],"author":[{"embeddable":true,"href":"https:\/\/blog.telenuovo.it\/gianluca-vighini\/wp-json\/wp\/v2\/users\/2"}],"replies":[{"embeddable":true,"href":"https:\/\/blog.telenuovo.it\/gianluca-vighini\/wp-json\/wp\/v2\/comments?post=6108"}],"version-history":[{"count":1,"href":"https:\/\/blog.telenuovo.it\/gianluca-vighini\/wp-json\/wp\/v2\/posts\/6108\/revisions"}],"predecessor-version":[{"id":6109,"href":"https:\/\/blog.telenuovo.it\/gianluca-vighini\/wp-json\/wp\/v2\/posts\/6108\/revisions\/6109"}],"wp:attachment":[{"href":"https:\/\/blog.telenuovo.it\/gianluca-vighini\/wp-json\/wp\/v2\/media?parent=6108"}],"wp:term":[{"taxonomy":"category","embeddable":true,"href":"https:\/\/blog.telenuovo.it\/gianluca-vighini\/wp-json\/wp\/v2\/categories?post=6108"},{"taxonomy":"post_tag","embeddable":true,"href":"https:\/\/blog.telenuovo.it\/gianluca-vighini\/wp-json\/wp\/v2\/tags?post=6108"}],"curies":[{"name":"wp","href":"https:\/\/api.w.org\/{rel}","templated":true}]}}