{"id":6131,"date":"2023-01-21T19:40:19","date_gmt":"2023-01-21T18:40:19","guid":{"rendered":"http:\/\/blog.telenuovo.it\/gianluca-vighini\/?p=6131"},"modified":"2023-01-22T10:34:20","modified_gmt":"2023-01-22T09:34:20","slug":"lelogio-dellumilta","status":"publish","type":"post","link":"https:\/\/blog.telenuovo.it\/gianluca-vighini\/2023\/01\/21\/lelogio-dellumilta\/","title":{"rendered":"L&#8217;ELOGIO DELL&#8217;UMILTA&#8217;"},"content":{"rendered":"\n<p>C\u2019\u00e8 in giro un sacco di buongustai a cui il Verona di oggi non piace. E&#8217; gente che si \u00e8 dimenticata le nostre origini e storce il naso davanti ad un&#8217;onorevole sconfitta contro l&#8217;Inter. Gente che mangiava pane e cipolle in serie C e oggi pretende Dom Perignon e fois grais.<\/p>\n\n\n\n<p>Invece il Verona di Zaffaroni-Bocchetti-Sogliano, dopo i disastri della gestione Marroccu \u00e8 tornato a mangiare pane e salame. Cibo umilissimo ma spettacolare nella sua semplicit\u00e0. Il Verona di oggi \u00e8 brutto, sporco, cattivo. E&#8217; puro scarso, ma di questa consapevolezza ha fatto un&#8217;arma. Il Verona di oggi \u00e8 umile, orgoglioso, combattivo. <\/p>\n\n\n\n<p>E&#8217; una squadra ignorante per mentalit\u00e0 ma con un&#8217;anima ben definita. Finita l&#8217;era del fru-fru, oggi quando si \u00e8 in difficolt\u00e0 si butta via la palla in tribuna, si sputa l&#8217;anima in campo, palla a lunga a Djuric e poi speriamo qualcuno la butti dentro. E qualcuno, guarda caso, la butta dentro, mentre dietro la pastafrolla ha lasciato spazio a qualche armatura di cemento armato. <\/p>\n\n\n\n<p>Siamo tutti d&#8217;accordo, Sogliano per primo, che non basta aver fermato la sanguinosa emorragia data da un mercato sbagliato e da scelte sballate per compiere l&#8217;impresa. E infatti credo che il mercato qualcosa porter\u00e0 oltre alla batteria di scommesse\/giovani che sono arrivati. Ma intanto la prima promessa \u00e8 mantenuta: chi scende in campo \u00e8 gente che \u00e8 pronta a morire per l&#8217;Hellas. Se torniamo alla gara con lo Spezia, quando parlavamo di un ciclo finito, di una vecchia guardia alla frutta, dei nuovi che poco c&#8217;entravano con quella squadra un bel passo in avanti \u00e8 stato fatto. Eravamo morti e sepolti, ora respiriamo e diamo segnali di vivacit\u00e0. E&#8217; gi\u00e0 abbastanza. <\/p>\n","protected":false},"excerpt":{"rendered":"<p>C\u2019\u00e8 in giro un sacco di buongustai a cui il Verona di oggi non piace. E&#8217; gente che si \u00e8 dimenticata le nostre origini e storce il naso davanti ad un&#8217;onorevole sconfitta contro l&#8217;Inter. Gente che mangiava pane e cipolle in serie C e oggi pretende Dom Perignon e fois grais. Invece il Verona di&#8230;  <a class=\"excerpt-read-more\" href=\"https:\/\/blog.telenuovo.it\/gianluca-vighini\/2023\/01\/21\/lelogio-dellumilta\/\" title=\"Read L&#8217;ELOGIO DELL&#8217;UMILTA&#8217;\">Leggi tutto &raquo;<\/a><\/p>\n","protected":false},"author":2,"featured_media":0,"comment_status":"open","ping_status":"open","sticky":false,"template":"","format":"standard","meta":[],"categories":[1],"tags":[],"_links":{"self":[{"href":"https:\/\/blog.telenuovo.it\/gianluca-vighini\/wp-json\/wp\/v2\/posts\/6131"}],"collection":[{"href":"https:\/\/blog.telenuovo.it\/gianluca-vighini\/wp-json\/wp\/v2\/posts"}],"about":[{"href":"https:\/\/blog.telenuovo.it\/gianluca-vighini\/wp-json\/wp\/v2\/types\/post"}],"author":[{"embeddable":true,"href":"https:\/\/blog.telenuovo.it\/gianluca-vighini\/wp-json\/wp\/v2\/users\/2"}],"replies":[{"embeddable":true,"href":"https:\/\/blog.telenuovo.it\/gianluca-vighini\/wp-json\/wp\/v2\/comments?post=6131"}],"version-history":[{"count":2,"href":"https:\/\/blog.telenuovo.it\/gianluca-vighini\/wp-json\/wp\/v2\/posts\/6131\/revisions"}],"predecessor-version":[{"id":6133,"href":"https:\/\/blog.telenuovo.it\/gianluca-vighini\/wp-json\/wp\/v2\/posts\/6131\/revisions\/6133"}],"wp:attachment":[{"href":"https:\/\/blog.telenuovo.it\/gianluca-vighini\/wp-json\/wp\/v2\/media?parent=6131"}],"wp:term":[{"taxonomy":"category","embeddable":true,"href":"https:\/\/blog.telenuovo.it\/gianluca-vighini\/wp-json\/wp\/v2\/categories?post=6131"},{"taxonomy":"post_tag","embeddable":true,"href":"https:\/\/blog.telenuovo.it\/gianluca-vighini\/wp-json\/wp\/v2\/tags?post=6131"}],"curies":[{"name":"wp","href":"https:\/\/api.w.org\/{rel}","templated":true}]}}