{"id":6179,"date":"2023-05-17T18:21:51","date_gmt":"2023-05-17T16:21:51","guid":{"rendered":"http:\/\/blog.telenuovo.it\/gianluca-vighini\/?p=6179"},"modified":"2023-05-17T18:21:52","modified_gmt":"2023-05-17T16:21:52","slug":"smettiamola-con-le-fazioni-si-salva-il-verona-e-non-setti","status":"publish","type":"post","link":"https:\/\/blog.telenuovo.it\/gianluca-vighini\/2023\/05\/17\/smettiamola-con-le-fazioni-si-salva-il-verona-e-non-setti\/","title":{"rendered":"SMETTIAMOLA CON LE FAZIONI. SI SALVA IL VERONA E NON SETTI"},"content":{"rendered":"\n<p>C&#8217;\u00e8 un fatto che in molti dimenticano: la cosa pi\u00f9 importante \u00e8 la salvezza del Verona e non che Setti abbia ragione. Dopo una stagione del genere, Setti non pu\u00f2 e non potr\u00e0 mai avere ragione cos\u00ec come non ce l&#8217;aveva l&#8217;anno di Grosso in cui rischi\u00f2 di non andare in serie A. Ci ricordiamo ancora dell&#8217;accusa alla banda Maalox, della incredibile claque a lingua spianata di molti cagnolini che ogni tanto emerge ancora nelle pieghe dimenticate di qualche social, dello spettacolo indegno che suddetti soggetti continuano ad offrire scendendo e risalendo dal carro a seconda della convenienza e dell&#8217;aria che tira.<\/p>\n\n\n\n<p>E&#8217; il mondo che va cos\u00ec, non ce ne stupiamo. Ma su una cosa non si transige a mio parere. Sul Verona. Nessun presidente, allenatore, direttore sportivo, cialtrone o altro \u00e8 mai riuscito a togliermi l&#8217;amore per la mia squadra. Non ci riusc\u00ec Pastorello, n\u00e8 Cannella, n\u00e8 Ventura che applaudiva sotto la Curva dopo la serie C mentre in tasca aveva gi\u00e0 firmato il contratto con il Pisa. Il mio pensiero nei confronti di questa gente \u00e8 chiaro, mi sono sempre esposto, ma mai ho gufato contro il Verona. Su Setti ho un giudizio che ho espresso a pi\u00f9 riprese. L&#8217;uomo ha una terribile supponenza e scarsi mezzi finanziari. Non \u00e8 un segreto, perch\u00e8 \u00e8 documentato, che il Verona rappresenta il suo business pi\u00f9 importante. Ma di questo nessun veronese pu\u00f2 e potr\u00e0 mai fargliene una colpa. Setti prese il Verona mentre mezza citt\u00e0 si girava da una parte e l&#8217;altra metteva la testa sotto la sabbia. Al povero Martinelli fecero una campagna di stampa contro persino perch\u00e8 Agsm era diventata sponsor dell&#8217;Hellas per un paio di stagioni. Era il tempo in cui esisteva una banca cittadina che aveva un rapporto privilegiato e strettissimo con l&#8217;altra squadra della citt\u00e0. Sono cose che vanno ricordate quando si contesta Setti. Martinelli ad un certo punto, prostrato dalla malattia e isolato dal contesto cittadino, si rivolse persino ad un certo Parentela che per un mese fu il proprietario in pectore dell&#8217;Hellas. L&#8217;affare non si chiuse, il Verona torn\u00f2 in B e sfior\u00f2 la serie A, Setti ebbe il merito storico di credere nel potenziale del Verona e di Verona. Questo dice la storia.<\/p>\n\n\n\n<p>Sappiamo anche che Setti non \u00e8 lo stesso di allora, quando poteva vantare l&#8217;amicizia stretta e probabilmente un rapporto finanziario con il magnate Volpi. Ma sotto di lui il Verona ha conosciuto pi\u00f9 serie A che serie B, ha visto grandi campioni passare di qui, ottimi campionati con ottimi allenatori e anche qualche scempio. Pi\u00f9 in generale va chiesto al presidente se lui \u00e8 ancora in grado di reggere una societ\u00e0 ambiziosa come l&#8217;Hellas ed \u00e8 quello che mi auguro di fare, con molta trasparenza, a fine campionato. Ora per\u00f2 serve un fronte compatto non le fazioni pro e contro Setti. Va salvaguardata una categoria, la serie A, da cui sar\u00e0 pi\u00f9 facile programmare il futuro. Con o senza Setti. Non importa.<\/p>\n","protected":false},"excerpt":{"rendered":"<p>C&#8217;\u00e8 un fatto che in molti dimenticano: la cosa pi\u00f9 importante \u00e8 la salvezza del Verona e non che Setti abbia ragione. Dopo una stagione del genere, Setti non pu\u00f2 e non potr\u00e0 mai avere ragione cos\u00ec come non ce l&#8217;aveva l&#8217;anno di Grosso in cui rischi\u00f2 di non andare in serie A. Ci ricordiamo&#8230;  <a class=\"excerpt-read-more\" href=\"https:\/\/blog.telenuovo.it\/gianluca-vighini\/2023\/05\/17\/smettiamola-con-le-fazioni-si-salva-il-verona-e-non-setti\/\" title=\"Read SMETTIAMOLA CON LE FAZIONI. SI SALVA IL VERONA E NON SETTI\">Leggi tutto &raquo;<\/a><\/p>\n","protected":false},"author":2,"featured_media":0,"comment_status":"open","ping_status":"open","sticky":false,"template":"","format":"standard","meta":[],"categories":[1],"tags":[],"_links":{"self":[{"href":"https:\/\/blog.telenuovo.it\/gianluca-vighini\/wp-json\/wp\/v2\/posts\/6179"}],"collection":[{"href":"https:\/\/blog.telenuovo.it\/gianluca-vighini\/wp-json\/wp\/v2\/posts"}],"about":[{"href":"https:\/\/blog.telenuovo.it\/gianluca-vighini\/wp-json\/wp\/v2\/types\/post"}],"author":[{"embeddable":true,"href":"https:\/\/blog.telenuovo.it\/gianluca-vighini\/wp-json\/wp\/v2\/users\/2"}],"replies":[{"embeddable":true,"href":"https:\/\/blog.telenuovo.it\/gianluca-vighini\/wp-json\/wp\/v2\/comments?post=6179"}],"version-history":[{"count":1,"href":"https:\/\/blog.telenuovo.it\/gianluca-vighini\/wp-json\/wp\/v2\/posts\/6179\/revisions"}],"predecessor-version":[{"id":6180,"href":"https:\/\/blog.telenuovo.it\/gianluca-vighini\/wp-json\/wp\/v2\/posts\/6179\/revisions\/6180"}],"wp:attachment":[{"href":"https:\/\/blog.telenuovo.it\/gianluca-vighini\/wp-json\/wp\/v2\/media?parent=6179"}],"wp:term":[{"taxonomy":"category","embeddable":true,"href":"https:\/\/blog.telenuovo.it\/gianluca-vighini\/wp-json\/wp\/v2\/categories?post=6179"},{"taxonomy":"post_tag","embeddable":true,"href":"https:\/\/blog.telenuovo.it\/gianluca-vighini\/wp-json\/wp\/v2\/tags?post=6179"}],"curies":[{"name":"wp","href":"https:\/\/api.w.org\/{rel}","templated":true}]}}