{"id":6190,"date":"2023-06-17T16:43:01","date_gmt":"2023-06-17T14:43:01","guid":{"rendered":"http:\/\/blog.telenuovo.it\/gianluca-vighini\/?p=6190"},"modified":"2023-06-17T16:45:28","modified_gmt":"2023-06-17T14:45:28","slug":"ecco-cosa-penso-realmente-di-setti","status":"publish","type":"post","link":"https:\/\/blog.telenuovo.it\/gianluca-vighini\/2023\/06\/17\/ecco-cosa-penso-realmente-di-setti\/","title":{"rendered":"ECCO COSA PENSO REALMENTE DI SETTI"},"content":{"rendered":"\n<p>Ma chi \u00e8 veramente Maurizio Setti? Sono anni che me lo chiedo e francamente non so darvi una risposta. La prima volta che lo intervistai nella vecchia sede, sedeva sulla sedia che era stata di Martinelli. Dissi al mio cameraman che mi aveva colpito per la sua freddezza. Non notai nessuna emozione in lui, nemmeno la scintilla per aver comperato l&#8217;Hellas Verona. E&#8217; per\u00f2 un presidente capace e che lascia completa autonomia. Persino chi ha avuto screzi con lui (anche pesanti) glielo riconosce. Con Setti si lavora bene. La filiera \u00e8 corta, i rapporti sono chiari. Ed \u00e8 chiaro anche quando parla delle possibilit\u00e0 del Verona. Anche Juric, per esempio,  gliel&#8217;ha sempre riconosciuto. Setti non vende fumo e non promette avventure europee. Parla di salvezza come del traguardo principale della societ\u00e0. Negli anni \u00e8 cambiato. E&#8217; arrivato a Verona come se arrivasse da New York e con la spocchia di cambiare la mentalit\u00e0 provinciale dei veronesi. Pian piano e mai sufficientemente rimarcandolo \u00e8 cambiato lui. Oggi Verona \u00e8 la sua citt\u00e0, ancora pi\u00f9 di Carpi. Quest&#8217;anno ha sofferto le pene dell&#8217;inferno. Non si aspettava un campionato simile, come a volte fa, ha sottostimato la portata del cambiamento in atto, ritenendo di aver costruito comunque una squadra che potesse salvarsi facilmente.<\/p>\n\n\n\n<p>La mia impressione \u00e8 che si sia affidato\/fidato troppo di qualche procuratore abile nel fargli credere di essere suo alleato ma che nel momento del bisogno \u00e8 evaporato. Un errore che altri presidenti hanno commesso quando pensano di aver capito tutto del mondo del calcio. Un&#8217;altra cosa che so di Setti \u00e8 che \u00e8 intelligente. Ha un&#8217;intelligenza veloce, ragiona in fretta. Pur non ammettendo mai i propri errori (vi ricordate la famosa sindrome di Fonzie?), in realt\u00e0 \u00e8 bravissimo a riconoscere dove ha sbagliato e a cambiare rotta. E&#8217; cos\u00ec veloce nel farlo che a volte si dimentica di essere stato lui a commettere l&#8217;errore. Esempio: lui sceglie Cioffi, capisce di aver sbagliato, cambia rotta, e d\u00e0 la colpa di questo errore a chi difende Cioffi, non tanto come allenatore ma come scelta societaria. <\/p>\n\n\n\n<p>Ma l&#8217;errore cruciale di questa stagione, senn\u00f2 non si capisce di cosa stia parlando, \u00e8 stato il riscatto di Simeone senza avere la minima intenzione di tenerlo qui. E&#8217; un&#8217;operazione che fai solo ed esclusivamente se hai gi\u00e0 una societ\u00e0 alle spalle che ti &#8220;copre&#8221; o se hai una sufficiente forza finanziaria cosa che Setti purtroppo non ha. Esempio Iturbe, quando c&#8217;era gi\u00e0 l&#8217;accordo con la Roma. Setti invece ha speso 10 milioni sull&#8217;unghia, fidandosi di chi gli aveva garantito che avrebbe comunque fatto un&#8217;ottima plusvalenza. Pi\u00f9 passavano i giorni pi\u00f9 gli bruciava la terra sotto i piedi. Ad un certo punto \u00e8 stato colto dal panico. Ha iniziato a vendere tutti quelli che poteva vendere, palesando una debolezza finanziaria che per i pescecani che stanno nell&#8217;oceano del pallone, era come una preda sanguinante. Alla fine, ma proprio alla fine, ha ceduto anche Simeone, guadagnandoci troppo poco. Sono convinto che se avesse preso 20 milioni da Simeone e 10 da Barak, Caprari sarebbe rimasto qui e tre quarti dei problemi del Verona non ci sarebbero stati.<\/p>\n\n\n\n<p>Ma torniamo a Setti e alla sua capacit\u00e0 di risolvere i problemi. Con Sogliano, dobbiamo ammetterlo, ha fatto un capolavoro. Con Sean i rapporti erano tornati buoni da tempo. Gi\u00e0 quest&#8217;estate prima di prendere Marroccu, c&#8217;era stato un abboccamento con Sogliano. I due si conoscono perfettamente, lo abbiamo gi\u00e0 scritto e ognuno sa dell&#8217;altro pregi e difetti. In pi\u00f9 il tempo ha smussato le asperit\u00e0. Setti stima Sogliano e il suo modo di gestire la squadra, Sogliano stima Setti per l&#8217;autonomia e la chiarezza. Sogliano ha fatto un miracolo, una clamorosa impresa sportiva, con la squadra sprofondata in B a novembre. Setti ne gode i frutti perch\u00e8 la B era una mazzata finanziaria forse letale.<\/p>\n\n\n\n<p>Il prossimo sar\u00e0 il quinto campionato consecutivo di Setti in serie A. Pur tenendo presente che oggi un presidente di serie A ha delle entrate che in passato non erano minimamente ipotizzabili (bisognerebbe giudicare Arvedi, Martinelli e anche Pastorello con quasi 40 milioni di diritti garantiti), Setti \u00e8 nettamente il miglior presidente post scudetto. Non \u00e8 un giudizio, sono i numeri a dirlo. Nei suoi undici anni di presidenza ne ha vissuti nove (con il prossimo) nella massima serie. Ci sono stati campionati bellissimi, grandi giocatori e un paio di anni veramente pessimi. Quello appena chiuso poteva essere annoverato tra questi, ma comunque gi\u00e0 il fatto che la squadra aveva tenuto aperti i giochi fino alla fine era una consolazione. Setti dimostra ai veronesi che avevano isolato Martinelli che non solo il Verona \u00e8 una meravigliosa realt\u00e0 sportiva, la pi\u00f9 importante di gran lunga in questa citt\u00e0 (per favore non facciamo nessun paragone con nessun altro sport perch\u00e9 \u00e8 offensivo persino) ma che pu\u00f2 anche diventare un ottimo business. Vogliamo rimproverarlo di questo? Io non me la sento, per quanto mi sforzi. Mi arrabbio molto di pi\u00f9 con chi teorizzava fusioni e che giustifica il mancato impegno nel calcio con la &#8220;terribile tifoseria del Verona&#8221;, cos\u00ec terribile da applaudire quando si va in C. Ma per favore&#8230;<\/p>\n\n\n\n<p>Ora Setti dovrebbe fare un serio esame di coscienza. Non con noi, ma prima di tutto con se stesso: \u00e8 ancora in grado di garantire un futuro a questa societ\u00e0? Si pu\u00f2 ipotizzare una crescita o si deve solo ed esclusivamente pensare a cortissimo raggio? Vi dico subito che a me sta roba degli americani, di &#8216;sti fondi che arrivano con chiss\u00e0 quali scopi, con gente che non ha nemmeno l&#8217;idea di cosa sia il calcio, non \u00e8 chi mi faccia cos\u00ec impazzire. Credo che qualcosa ci sia stato e che per qualche motivo sia saltato. Ecco: se Setti ritiene di avere ancora benzina, io, ve lo dico con la consueta franchezza mi tengo Setti. Se invece siamo ormai alla &#8220;frutta&#8221; allora s&#8217;impone che il presidente metta il Verona sul mercato e fissi un prezzo congruo. Nel frattempo prepariamoci ad un altro campionato con l&#8217;elmetto in testa. Ma non \u00e8 che ci spaventa dopo tutto quello che abbiamo passato&#8230;<\/p>\n","protected":false},"excerpt":{"rendered":"<p>Ma chi \u00e8 veramente Maurizio Setti? Sono anni che me lo chiedo e francamente non so darvi una risposta. La prima volta che lo intervistai nella vecchia sede, sedeva sulla sedia che era stata di Martinelli. Dissi al mio cameraman che mi aveva colpito per la sua freddezza. Non notai nessuna emozione in lui, nemmeno&#8230;  <a class=\"excerpt-read-more\" href=\"https:\/\/blog.telenuovo.it\/gianluca-vighini\/2023\/06\/17\/ecco-cosa-penso-realmente-di-setti\/\" title=\"Read ECCO COSA PENSO REALMENTE DI SETTI\">Leggi tutto &raquo;<\/a><\/p>\n","protected":false},"author":2,"featured_media":0,"comment_status":"open","ping_status":"open","sticky":false,"template":"","format":"standard","meta":[],"categories":[1],"tags":[],"_links":{"self":[{"href":"https:\/\/blog.telenuovo.it\/gianluca-vighini\/wp-json\/wp\/v2\/posts\/6190"}],"collection":[{"href":"https:\/\/blog.telenuovo.it\/gianluca-vighini\/wp-json\/wp\/v2\/posts"}],"about":[{"href":"https:\/\/blog.telenuovo.it\/gianluca-vighini\/wp-json\/wp\/v2\/types\/post"}],"author":[{"embeddable":true,"href":"https:\/\/blog.telenuovo.it\/gianluca-vighini\/wp-json\/wp\/v2\/users\/2"}],"replies":[{"embeddable":true,"href":"https:\/\/blog.telenuovo.it\/gianluca-vighini\/wp-json\/wp\/v2\/comments?post=6190"}],"version-history":[{"count":2,"href":"https:\/\/blog.telenuovo.it\/gianluca-vighini\/wp-json\/wp\/v2\/posts\/6190\/revisions"}],"predecessor-version":[{"id":6192,"href":"https:\/\/blog.telenuovo.it\/gianluca-vighini\/wp-json\/wp\/v2\/posts\/6190\/revisions\/6192"}],"wp:attachment":[{"href":"https:\/\/blog.telenuovo.it\/gianluca-vighini\/wp-json\/wp\/v2\/media?parent=6190"}],"wp:term":[{"taxonomy":"category","embeddable":true,"href":"https:\/\/blog.telenuovo.it\/gianluca-vighini\/wp-json\/wp\/v2\/categories?post=6190"},{"taxonomy":"post_tag","embeddable":true,"href":"https:\/\/blog.telenuovo.it\/gianluca-vighini\/wp-json\/wp\/v2\/tags?post=6190"}],"curies":[{"name":"wp","href":"https:\/\/api.w.org\/{rel}","templated":true}]}}