{"id":6193,"date":"2023-08-04T21:39:24","date_gmt":"2023-08-04T19:39:24","guid":{"rendered":"http:\/\/blog.telenuovo.it\/gianluca-vighini\/?p=6193"},"modified":"2023-08-04T21:45:27","modified_gmt":"2023-08-04T19:45:27","slug":"stemo-calmi-almeno-per-il-momento","status":"publish","type":"post","link":"https:\/\/blog.telenuovo.it\/gianluca-vighini\/2023\/08\/04\/stemo-calmi-almeno-per-il-momento\/","title":{"rendered":"STEMO CALMI&#8230; ALMENO PER IL MOMENTO"},"content":{"rendered":"\n<p>Non \u00e8 che non sono preoccupato per il Verona. Anche perch\u00e9, a ben vedere, la preoccupazione \u00e8 uno stato d&#8217;animo che il tifoso dell&#8217;Hellas ha per default. Semplicemente sapevo gi\u00e0 che la nostra sofferenza non sarebbe finita a Reggio Emilia. Anzi, sarebbe iniziata proprio in quel momento. I nodi sarebbero inevitabilmente arrivati al pettine. <\/p>\n\n\n\n<p>Si chiama &#8220;fine di un ciclo&#8221;, the end. Per fortuna \u00e8 finita con una salvezza, la serie B avrebbe portato cos\u00ec tanti problemi che la nostra preoccupazione attuale sarebbe sfociata in dramma. La serie A garantisce dal punto di vista economico l&#8217;introito dei diritti tv.<\/p>\n\n\n\n<p>Abbiamo parlato sino alla nausea di Setti. Pu\u00f2 il Verona ambire a un presidente migliore di lui, cio\u00e8 che abbia pi\u00f9 disponibilit\u00e0 economica? S\u00ec, senza dubbio. <\/p>\n\n\n\n<p>Per\u00f2 \u00e8 anche vero che negli ultimi 40 anni non c&#8217;\u00e8 stato nessuno che ha fatto tanta serie A come Setti. 12 anni di presidenza, 9 anni di serie A, tre promozioni, sono i fatti su cui non si pu\u00f2 discutere. Si pu\u00f2 discutere di altre cose: della distanza dalla piazza, della mancanza di passione, di una debolezza finanziaria che rischia di essere controproducente. Ma anche su queste questioni si pu\u00f2 dire anche il contrario. <\/p>\n\n\n\n<p>La societ\u00e0, dopo tanti giusti sberloni, ha capito quanto importanti sono per noi alcuni dettagli. Le magliette, la storia, l&#8217;identit\u00e0. Come abbiamo stigmatizzato duramente le scelte &#8220;fluo&#8221; e la maglia verde, dobbiamo apprezzare lo sforzo fatto per la terza maglia di quest&#8217;anno, un preciso riferimento storico, con legame verso l&#8217;Inghilterra che affascina sempre il tifo scaligero. E anche la festa, sobria ma giusta, per i 120 anni della societ\u00e0 sono stati un bel lavoro.<\/p>\n\n\n\n<p>Arrivo al mercato: scrivo questo pezzo il 4 agosto di un&#8217;estate che ci sta raccontando la crisi generale del calcio italiano. Non il Verona, ma prima di noi le grandi, le grandissime. Il Milan ha ceduto Tonali per sparare qualche fuoco d&#8217;artificio. L&#8217;Inter si muove con i piedi di piombo e prima di acquistare ha mollato tutti quei dinosauri che costavano una follia e rendevano pochissimo. La Juventus \u00e8 devastata. I dirigenti bianconeri farebbero carte false pur di liberarsi di qualche costoso &#8220;big&#8221;. A Roma non ne parliamo. I giallorossi hanno per ora ceduto tutti i giovani messi in mostra l&#8217;anno scorso per rientrare nel fair play finanziario. Plusvalenze piene. La Lazio \u00e8 una pentola a pressione pronta ad esplodere. Lotito ha dovuto intervenire personalmente per parlare con i tifosi e tre giorni dopo \u00e8 servito un comunicato per dire che non c&#8217;\u00e8 tensione con Sarri. Excusatio non petita, accusatio manifesta, direbbero i latini tanto amati dal presidente laziale. A Torino, Juric forse sta addirittura rimpiangendo Setti. Resta il Napoli, che con lo scudetto sul petto sta tentando di non cedere Osimhen, e la Fiorentina che investe ma pure incassa (Castrovilli in Inghilterra, esempio).<\/p>\n\n\n\n<p>A guardare quelle che dovrebbero essere le dirette concorrenti del Verona, mi pare evidente che Genoa e Cagliari sono di un&#8217;altra categoria (poi vedremo sul campo se hanno acquistato bene), mentre Lecce e Frosinone sono al pari nostro, forse addirittura un po&#8217; sotto. Resta l&#8217;Empoli che dovrebbe essere, sulla carta, la quarta a giocarsela e che ha la struttura della scorsa stagione, con lo stesso allenatore e un settore giovanile che continua ad estrarre pepite.<\/p>\n\n\n\n<p>Sogliano sta lavorando come un disgraziato. Se passate alle 10 di sera dalla sede del Verona, vedrete la luce accesa del suo ufficio. E&#8217; un lavoro ingrato e difficile. Bisogna tagliare i rami secchi, abbassare il monte ingaggi e naturalmente dare a Baroni i giocatori che servono. L&#8217;unico obiettivo \u00e8 di mantenere una squadra in cui chi resta a lottare non abbia il minimo dubbio. Chi non dovesse essere allineato credo sar\u00e0 messo ai margini. Ovviamente bisogna anche preservare il valore patrimoniale dei giocatori, non svalutarli. <\/p>\n\n\n\n<p>Una precisazione che va fatta: \u00e8 vero che il Verona sta incassando quest&#8217;anno oltre 43 milioni, ma quando si d\u00e0 questo dato, per non essere in malafede, bisogna dire che sono i soldi che la societ\u00e0 non ha incassato dalle vendite della scorsa stagione. <\/p>\n\n\n\n<p>Formule di pagamento dilazionate a fronte di giocatori gi\u00e0 pagati. Esempio: \u00e8 vero che arrivano 12 milioni per Simeone, ma \u00e8 anche vero che ne sono usciti 10 per acquistarlo. Per Ilic hai incassato 15 milioni, ma ne hai speso 14 e mezzo per prenderlo. E via cos\u00ec. Inoltre va anche detto che nella scorsa stagione comunque dei soldi sono stati spesi. Oltre 3 milioni per Cabal, 3 e mezzo per Doig, quasi 6 per Hien. <\/p>\n\n\n\n<p>Insomma stringi, stringi, fisiologiche plusvalenze che servono a tenere in piedi la baracca. Credo che il mercato, come sempre vada giudicato alla fine. Sogliano \u00e8 un mago del colpo &#8220;low cost&#8221;, come ha gi\u00e0 dimostrato, concediamogli per\u00f2 anche qualche &#8220;cantonata&#8221; perch\u00e8 lavorare sempre col budget risicato alza indubbiamente il rischio della scommessa. Il centrocampo sar\u00e0 sistemato sicuramente (arriveranno almeno due giocatori che possiamo individuare in Akpa Akpro e in Folorunsho), mentre per l&#8217;attacco sar\u00e0 molto pi\u00f9 difficile. Bonazzoli rappresenta un&#8217;idea abbordabile, poi c&#8217;\u00e8 da sperare che in qualche modo si risollevino i vari Lasagna e Henry. Poi andr\u00e0 limata la difesa e vanno sostituiti eventuali partenti (Faraoni? Hien? Doig?).<\/p>\n\n\n\n<p>Aggiungo che quest&#8217;anno si parte da due certezze in pi\u00f9: un allenatore che ha esperienza, sa lavorare in condizioni difficili ed \u00e8 molto equilibrato oltre che legatissimo alla piazza. E un ds che dopo la salvezza della scorsa stagione \u00e8 a tutti gli effetti un cittadino onorario di Verona. Non \u00e8 poco, ve lo assicuro.<\/p>\n","protected":false},"excerpt":{"rendered":"<p>Non \u00e8 che non sono preoccupato per il Verona. Anche perch\u00e9, a ben vedere, la preoccupazione \u00e8 uno stato d&#8217;animo che il tifoso dell&#8217;Hellas ha per default. Semplicemente sapevo gi\u00e0 che la nostra sofferenza non sarebbe finita a Reggio Emilia. Anzi, sarebbe iniziata proprio in quel momento. I nodi sarebbero inevitabilmente arrivati al pettine. Si&#8230;  <a class=\"excerpt-read-more\" href=\"https:\/\/blog.telenuovo.it\/gianluca-vighini\/2023\/08\/04\/stemo-calmi-almeno-per-il-momento\/\" title=\"Read STEMO CALMI&#8230; ALMENO PER IL MOMENTO\">Leggi tutto &raquo;<\/a><\/p>\n","protected":false},"author":2,"featured_media":0,"comment_status":"open","ping_status":"open","sticky":false,"template":"","format":"standard","meta":[],"categories":[1],"tags":[],"_links":{"self":[{"href":"https:\/\/blog.telenuovo.it\/gianluca-vighini\/wp-json\/wp\/v2\/posts\/6193"}],"collection":[{"href":"https:\/\/blog.telenuovo.it\/gianluca-vighini\/wp-json\/wp\/v2\/posts"}],"about":[{"href":"https:\/\/blog.telenuovo.it\/gianluca-vighini\/wp-json\/wp\/v2\/types\/post"}],"author":[{"embeddable":true,"href":"https:\/\/blog.telenuovo.it\/gianluca-vighini\/wp-json\/wp\/v2\/users\/2"}],"replies":[{"embeddable":true,"href":"https:\/\/blog.telenuovo.it\/gianluca-vighini\/wp-json\/wp\/v2\/comments?post=6193"}],"version-history":[{"count":1,"href":"https:\/\/blog.telenuovo.it\/gianluca-vighini\/wp-json\/wp\/v2\/posts\/6193\/revisions"}],"predecessor-version":[{"id":6194,"href":"https:\/\/blog.telenuovo.it\/gianluca-vighini\/wp-json\/wp\/v2\/posts\/6193\/revisions\/6194"}],"wp:attachment":[{"href":"https:\/\/blog.telenuovo.it\/gianluca-vighini\/wp-json\/wp\/v2\/media?parent=6193"}],"wp:term":[{"taxonomy":"category","embeddable":true,"href":"https:\/\/blog.telenuovo.it\/gianluca-vighini\/wp-json\/wp\/v2\/categories?post=6193"},{"taxonomy":"post_tag","embeddable":true,"href":"https:\/\/blog.telenuovo.it\/gianluca-vighini\/wp-json\/wp\/v2\/tags?post=6193"}],"curies":[{"name":"wp","href":"https:\/\/api.w.org\/{rel}","templated":true}]}}