{"id":6215,"date":"2023-09-27T23:06:03","date_gmt":"2023-09-27T21:06:03","guid":{"rendered":"http:\/\/blog.telenuovo.it\/gianluca-vighini\/?p=6215"},"modified":"2023-09-27T23:06:03","modified_gmt":"2023-09-27T21:06:03","slug":"che-scoperta-abbiamo-dei-limiti","status":"publish","type":"post","link":"https:\/\/blog.telenuovo.it\/gianluca-vighini\/2023\/09\/27\/che-scoperta-abbiamo-dei-limiti\/","title":{"rendered":"CHE SCOPERTA&#8230; ABBIAMO DEI LIMITI"},"content":{"rendered":"\n<p>Che scoperta verrebbe da dire. Il Verona ha dei limiti. Ora \u00e8 evidente a tutti che le parole di Sogliano poggiavano su basi di realt\u00e0. Sar\u00e0 un altro campionato di sofferenza e se qualcuno per un solo secondo ha pensato il contrario, ha sbagliato di grosso. Perch\u00e9 non \u00e8 che se fai una squadra a costo zero, puoi lottare per l&#8217;Uefa. Certi miracoli riescono poche volte. Riusc\u00ec, per esempio, al primo anno di Juric, ma appunto quella fu un&#8217;eccezione. La regola \u00e8 che se spendi poco il massimo che puoi fare \u00e8 salvarti ed \u00e8 su questo parametro che dobbiamo giudicare il Verona. Ci sta di perdere 1-0 con Milan (tornato capolista con l&#8217;Inter) e l&#8217;Atalanta che \u00e8 una squadra che punta alla Champions League e che sul mercato spende sessanta volte quello che spende il Verona.<\/p>\n\n\n\n<p>Semmai dobbiamo chiederci perch\u00e9 usciamo da queste due partite con rammarico. Perch\u00e9 non abbiamo vinto o pareggiato? O piuttosto perch\u00e9 siamo stati vicini a fare punti e non ci siamo riusciti? Io credo che sia la seconda, perch\u00e9 se Milan e Atalanta hanno sofferto contro di noi, dando la sensazione di essere squadre battibili o meglio &#8220;giocabili&#8221; qualche merito lo deve pur avere il Verona.<\/p>\n\n\n\n<p>Tutta questa premessa non vuole nascondere i problemi che ci sono e sono tanti, forse anche pi\u00f9 del previsto,&nbsp; ma solo cercare di ristabilire un minimo di equilibrio al giudizio.<\/p>\n\n\n\n<p>Poi \u00e8 evidente a tutti che il Verona fa una fatica tremenda a costruire azioni d&#8217;attacco e che il problema \u00e8 pi\u00f9 &#8220;strutturale&#8221; che di moduli o di singoli. A me pare evidente che ci sia un grosso problema sulle fasce, indispensabili per creare occasioni, superiorit\u00e0 numerica, gioco palla a terra. Senza mettere la croce addosso a nessuno, non \u00e8 il caso ed \u00e8 un esercizio tafazziano, ma senza il gioco dei laterali si soffrir\u00e0 sempre. Faraoni, Lazovic, Terracciano, Doig e ora anche Tchatchua: i giocatori ci sono, dobbiamo aspettarli, farli crescere. Qualche barlume di Lazovic si \u00e8 gi\u00e0 visto nel secondo tempo con l&#8217;Atalanta, Terracciano prende sostanza di gara in gara, Doig stava tornando ai suoi livelli, l&#8217;unico ancora indietro \u00e8 Faraoni, ma al capitano va concesso ancora credito e non solo per quello che ha dato in questi anni, ma soprattutto per come si sta impegnando e per quanto visibilmente soffre di vivere questa situazione.<\/p>\n\n\n\n<p>Cosa pu\u00f2 fare dunque Baroni? Il tecnico ha scelto la strada pi\u00f9 logica: costruire un&#8217;identit\u00e0 e un equilibrio della squadra per poi inserire quei giocatori pi\u00f9 estrosi ma che per rendere al meglio hanno bisogno che l&#8217;orchestra suoni una musica perfetta. Penso a Saponara, a Suslov, allo stesso Bonazzoli. Ci sar\u00e0 tempo e spazio per tutti, forse gi\u00e0 da Torino, altra gara sulla carta durissima, in cui una nuova energia sempre indispensabile per la squadra scaligera.<\/p>\n\n\n\n<p>Serve per\u00f2 soprattutto compattezza dell&#8217;ambiente che resta la nostra principale arma con cui lottare con le nostre pari livello. Il primo bilancio facciamolo dopo Frosinone. Mi sembra giusto.<\/p>\n","protected":false},"excerpt":{"rendered":"<p>Che scoperta verrebbe da dire. Il Verona ha dei limiti. Ora \u00e8 evidente a tutti che le parole di Sogliano poggiavano su basi di realt\u00e0. Sar\u00e0 un altro campionato di sofferenza e se qualcuno per un solo secondo ha pensato il contrario, ha sbagliato di grosso. Perch\u00e9 non \u00e8 che se fai una squadra a&#8230;  <a class=\"excerpt-read-more\" href=\"https:\/\/blog.telenuovo.it\/gianluca-vighini\/2023\/09\/27\/che-scoperta-abbiamo-dei-limiti\/\" title=\"Read CHE SCOPERTA&#8230; ABBIAMO DEI LIMITI\">Leggi tutto &raquo;<\/a><\/p>\n","protected":false},"author":2,"featured_media":0,"comment_status":"open","ping_status":"open","sticky":false,"template":"","format":"standard","meta":[],"categories":[1],"tags":[],"_links":{"self":[{"href":"https:\/\/blog.telenuovo.it\/gianluca-vighini\/wp-json\/wp\/v2\/posts\/6215"}],"collection":[{"href":"https:\/\/blog.telenuovo.it\/gianluca-vighini\/wp-json\/wp\/v2\/posts"}],"about":[{"href":"https:\/\/blog.telenuovo.it\/gianluca-vighini\/wp-json\/wp\/v2\/types\/post"}],"author":[{"embeddable":true,"href":"https:\/\/blog.telenuovo.it\/gianluca-vighini\/wp-json\/wp\/v2\/users\/2"}],"replies":[{"embeddable":true,"href":"https:\/\/blog.telenuovo.it\/gianluca-vighini\/wp-json\/wp\/v2\/comments?post=6215"}],"version-history":[{"count":1,"href":"https:\/\/blog.telenuovo.it\/gianluca-vighini\/wp-json\/wp\/v2\/posts\/6215\/revisions"}],"predecessor-version":[{"id":6217,"href":"https:\/\/blog.telenuovo.it\/gianluca-vighini\/wp-json\/wp\/v2\/posts\/6215\/revisions\/6217"}],"wp:attachment":[{"href":"https:\/\/blog.telenuovo.it\/gianluca-vighini\/wp-json\/wp\/v2\/media?parent=6215"}],"wp:term":[{"taxonomy":"category","embeddable":true,"href":"https:\/\/blog.telenuovo.it\/gianluca-vighini\/wp-json\/wp\/v2\/categories?post=6215"},{"taxonomy":"post_tag","embeddable":true,"href":"https:\/\/blog.telenuovo.it\/gianluca-vighini\/wp-json\/wp\/v2\/tags?post=6215"}],"curies":[{"name":"wp","href":"https:\/\/api.w.org\/{rel}","templated":true}]}}