{"id":637,"date":"2012-05-12T11:56:58","date_gmt":"2012-05-12T09:56:58","guid":{"rendered":"http:\/\/blog.telenuovo.it\/gianluca-vighini\/?p=637"},"modified":"2012-05-12T11:59:21","modified_gmt":"2012-05-12T09:59:21","slug":"abbiamo-vinto-il-tricolor","status":"publish","type":"post","link":"https:\/\/blog.telenuovo.it\/gianluca-vighini\/2012\/05\/12\/abbiamo-vinto-il-tricolor\/","title":{"rendered":"ABBIAMO VINTO IL TRICOLOR"},"content":{"rendered":"<p>Una volta parlando di calcio con Campedelli (Luca) mi disse: i tifosi del Verona vivono troppo di ricordi, bisognerebbe dimenticarsi dello scudetto altrimenti si diventa prigionieri del passato. Beh io non mi sono mai sentito prigioniero di quel passato. Viceversa quello straordinario e leggendario scudetto vinto dall&#8217;Hellas Verona il 12 maggio 1985 \u00e8 ci\u00f3 che rende questa squadra e questa societ\u00e0 uniche. Una follia autentica e irripetibile, solo chi \u00e8 stato ed \u00e8 veramente tifoso pu\u00f3 capire che cosa abbia significato e cosa significhi ancora oggi. \u00c8 vero che non si pu\u00f3 vivere di soli ricordi ma pensate come \u00e8 triste la vita di chi non ha neanche quelli&#8230;<\/p>\n","protected":false},"excerpt":{"rendered":"<p>Una volta parlando di calcio con Campedelli (Luca) mi disse: i tifosi del Verona vivono troppo di ricordi, bisognerebbe dimenticarsi dello scudetto altrimenti si diventa prigionieri del passato. Beh io non mi sono mai sentito prigioniero di quel passato. Viceversa quello straordinario e leggendario scudetto vinto dall&#8217;Hellas Verona il 12 maggio 1985 \u00e8 ci\u00f3 che&#8230;  <a class=\"excerpt-read-more\" href=\"https:\/\/blog.telenuovo.it\/gianluca-vighini\/2012\/05\/12\/abbiamo-vinto-il-tricolor\/\" title=\"Read ABBIAMO VINTO IL TRICOLOR\">Leggi tutto &raquo;<\/a><\/p>\n","protected":false},"author":2,"featured_media":0,"comment_status":"open","ping_status":"open","sticky":false,"template":"","format":"standard","meta":[],"categories":[1],"tags":[],"_links":{"self":[{"href":"https:\/\/blog.telenuovo.it\/gianluca-vighini\/wp-json\/wp\/v2\/posts\/637"}],"collection":[{"href":"https:\/\/blog.telenuovo.it\/gianluca-vighini\/wp-json\/wp\/v2\/posts"}],"about":[{"href":"https:\/\/blog.telenuovo.it\/gianluca-vighini\/wp-json\/wp\/v2\/types\/post"}],"author":[{"embeddable":true,"href":"https:\/\/blog.telenuovo.it\/gianluca-vighini\/wp-json\/wp\/v2\/users\/2"}],"replies":[{"embeddable":true,"href":"https:\/\/blog.telenuovo.it\/gianluca-vighini\/wp-json\/wp\/v2\/comments?post=637"}],"version-history":[{"count":2,"href":"https:\/\/blog.telenuovo.it\/gianluca-vighini\/wp-json\/wp\/v2\/posts\/637\/revisions"}],"predecessor-version":[{"id":639,"href":"https:\/\/blog.telenuovo.it\/gianluca-vighini\/wp-json\/wp\/v2\/posts\/637\/revisions\/639"}],"wp:attachment":[{"href":"https:\/\/blog.telenuovo.it\/gianluca-vighini\/wp-json\/wp\/v2\/media?parent=637"}],"wp:term":[{"taxonomy":"category","embeddable":true,"href":"https:\/\/blog.telenuovo.it\/gianluca-vighini\/wp-json\/wp\/v2\/categories?post=637"},{"taxonomy":"post_tag","embeddable":true,"href":"https:\/\/blog.telenuovo.it\/gianluca-vighini\/wp-json\/wp\/v2\/tags?post=637"}],"curies":[{"name":"wp","href":"https:\/\/api.w.org\/{rel}","templated":true}]}}