{"id":657,"date":"2012-05-23T15:45:34","date_gmt":"2012-05-23T13:45:34","guid":{"rendered":"http:\/\/blog.telenuovo.it\/gianluca-vighini\/?p=657"},"modified":"2012-05-23T15:45:34","modified_gmt":"2012-05-23T13:45:34","slug":"linno-i-pescaresi-mandorlini-e-il-verona","status":"publish","type":"post","link":"https:\/\/blog.telenuovo.it\/gianluca-vighini\/2012\/05\/23\/linno-i-pescaresi-mandorlini-e-il-verona\/","title":{"rendered":"L&#8217;INNO, I PESCARESI, MANDORLINI E IL VERONA"},"content":{"rendered":"<p>Non mi ha certo scandalizzato il video con i giocatori del Pescara che urlavano &#8220;Chi non salta, veronese \u00e8&#8221;. Una caduta di stile, ma senza cattiveria. Cos\u00ec avrebbe dovuto essere interpretato anche il &#8220;Ti amo terrone&#8221; di Mandorlini che sta ancora creando grattacapi al Verona e al suo tecnico. E&#8217; l&#8217;esempio ultimo e forse pi\u00f9 lampante, (\u00e8 per quello che l&#8217;ho pubblicato) \u00a0di come episodi simili assumano connotati completamente diversi a seconda di come vengono percepiti e soprattutto di come vengono raccontati.<\/p>\n<p>Mandorlini venne definito razzista per una canzoncina di un gruppo apertamente di sinistra mentre i giocatori pescaresi (giocatori, badate bene, non tifosi&#8230;) hanno fatto solo degli sfott\u00f2.<\/p>\n<p>Mi sono poi divertito, si fa per dire, nel vedere le varie interpretazioni che i giornali nazionali (?) hanno voluto dare ai fischi all&#8217;inno italiano dei tifosi napoletani prima della finale di Coppa Italia. Nell&#8217;ordine ho letto che: 1) E&#8217; stata fischiata Arisa e non l&#8217;inno. 2) E&#8217; stato fischiato Schifani. 3) E&#8217; stata fischiata, pi\u00f9 in generale la politica. Non c&#8217;erano stati tanto distinguo quando nel 1989 venne fischiato l&#8217;inno a Verona prima di Italia Uruguay.<\/p>\n<p>L\u00ec non si fecero tante analisi sociologiche. Veronesi razzisti ed austriaci, come disse l&#8217;allora presidente della Figc, Matarrese. Da allora Verona ha questa etichetta appiccicata addosso. Qualsiasi azione fatta da un veronese, un tesserato del Verona, viene dipinta come becera e razzista. Da altre parti \u00e8 goliardia e sfott\u00f2. Le pene vengono automaticamente aumentate, cos\u00ec come le multe, per la semplice aggravante della veronesit\u00e0.<\/p>\n<p>Non passa intervista ad un giocatore del Verona o al suo presidente che l&#8217;inviato di turno non gli chieda dei cori razzisti. Mai una domanda del genere viene fatta a Agnelli, impegnato ad attaccarsi quante pi\u00f9 stelline possibili, o a Del Piero. Eppure allo Juventus stadium non passa domenica senza che non si sentano cori e ululati razzisti, ben oltre quelli del Bentegodi (che tra l&#8217;altro sono spariti). Direte: perch\u00e8 ti scandalizzi? Lo sappiamo che va cos\u00ec. Ok ragazzi, avete ragione. Ma sinceramente, finch\u00e9 ne ho la possibilit\u00e0, continuer\u00f2 a denunciare questo scandaloso doppio pesismo. E se ognuno lo facesse, nel proprio ambito (politica, stampa locale e anche, con pi\u00f9 forza la societ\u00e0), forse qualcosa riusciremmo ad ottenere.<\/p>\n","protected":false},"excerpt":{"rendered":"<p>Non mi ha certo scandalizzato il video con i giocatori del Pescara che urlavano &#8220;Chi non salta, veronese \u00e8&#8221;. Una caduta di stile, ma senza cattiveria. Cos\u00ec avrebbe dovuto essere interpretato anche il &#8220;Ti amo terrone&#8221; di Mandorlini che sta ancora creando grattacapi al Verona e al suo tecnico. E&#8217; l&#8217;esempio ultimo e forse pi\u00f9&#8230;  <a class=\"excerpt-read-more\" href=\"https:\/\/blog.telenuovo.it\/gianluca-vighini\/2012\/05\/23\/linno-i-pescaresi-mandorlini-e-il-verona\/\" title=\"Read L&#8217;INNO, I PESCARESI, MANDORLINI E IL VERONA\">Leggi tutto &raquo;<\/a><\/p>\n","protected":false},"author":2,"featured_media":0,"comment_status":"open","ping_status":"open","sticky":false,"template":"","format":"standard","meta":[],"categories":[1],"tags":[],"_links":{"self":[{"href":"https:\/\/blog.telenuovo.it\/gianluca-vighini\/wp-json\/wp\/v2\/posts\/657"}],"collection":[{"href":"https:\/\/blog.telenuovo.it\/gianluca-vighini\/wp-json\/wp\/v2\/posts"}],"about":[{"href":"https:\/\/blog.telenuovo.it\/gianluca-vighini\/wp-json\/wp\/v2\/types\/post"}],"author":[{"embeddable":true,"href":"https:\/\/blog.telenuovo.it\/gianluca-vighini\/wp-json\/wp\/v2\/users\/2"}],"replies":[{"embeddable":true,"href":"https:\/\/blog.telenuovo.it\/gianluca-vighini\/wp-json\/wp\/v2\/comments?post=657"}],"version-history":[{"count":1,"href":"https:\/\/blog.telenuovo.it\/gianluca-vighini\/wp-json\/wp\/v2\/posts\/657\/revisions"}],"predecessor-version":[{"id":658,"href":"https:\/\/blog.telenuovo.it\/gianluca-vighini\/wp-json\/wp\/v2\/posts\/657\/revisions\/658"}],"wp:attachment":[{"href":"https:\/\/blog.telenuovo.it\/gianluca-vighini\/wp-json\/wp\/v2\/media?parent=657"}],"wp:term":[{"taxonomy":"category","embeddable":true,"href":"https:\/\/blog.telenuovo.it\/gianluca-vighini\/wp-json\/wp\/v2\/categories?post=657"},{"taxonomy":"post_tag","embeddable":true,"href":"https:\/\/blog.telenuovo.it\/gianluca-vighini\/wp-json\/wp\/v2\/tags?post=657"}],"curies":[{"name":"wp","href":"https:\/\/api.w.org\/{rel}","templated":true}]}}