{"id":685,"date":"2012-06-04T12:03:54","date_gmt":"2012-06-04T10:03:54","guid":{"rendered":"http:\/\/blog.telenuovo.it\/gianluca-vighini\/?p=685"},"modified":"2012-06-04T12:07:10","modified_gmt":"2012-06-04T10:07:10","slug":"i-complotti-e-le-lezioni-di-giornalismo","status":"publish","type":"post","link":"https:\/\/blog.telenuovo.it\/gianluca-vighini\/2012\/06\/04\/i-complotti-e-le-lezioni-di-giornalismo\/","title":{"rendered":"I COMPLOTTI E LE LEZIONI DI GIORNALISMO"},"content":{"rendered":"<p>E&#8217; simpatico assai notare come ci sia qualche pennivendolo che, sempre al soldo del solito padrone, tenta di inquinare l&#8217;aria con le sue teorie, miste a lezioni di giornalismo. Qualcuno che, invece di andare allo stadio a vedere Verona-Varese dal vero si \u00e8 impegnato in uno zapping spasmodico, anche in quelle televisioni da lui tanto detestate e che continuano suo malgrado, forse perch\u00e8 libere, a registrare grandi record d&#8217;ascolto.<\/p>\n<p>E&#8217; altrettanto simpatico che sullo stesso giornale si sia letto per settimane da parte di un apprezzato e stimato collega, articoli che ipotizzavano (credo giustamente visto come sono andate le cose..) che ci fosse un complotto del Palazzo (Sky, media nazionali, Lega ) per favorire la Sampdoria. Complotto oggi negato con forza dallo stesso organo d&#8217;informazione.<\/p>\n<p>Ma del resto: questi personaggi teorizzavano qualche anno fa una grande fusione con il Chievo e avevano gi\u00e0 pronte magliette, loghi e altro come il padrone gli chiedeva&#8230; Al resto, a fare confusione con la storia ci avrebbero pensato loro&#8230; E&#8217; logico, quindi che oggi siano qui a negare l&#8217;evidenza. E cio\u00e8 che questo Verona \u00e8 stato fortemente penalizzato dagli arbitri, a Nocera come in casa con l&#8217;Empoli, passando per la gara con l&#8217;Abinoleffe (solo per citare gli ultimi episodi)&#8230; Massa \u00e8 stato solo l&#8217;ultimo della serie. Ma \u00e8 inutile ribadirlo a certa gente. Per loro i complotti ci sono solo quando i torti accadono alla loro squadra del cuore. Allora s\u00ec che il Palazzo c&#8217;\u00e8 l&#8217;ha con la piccola squadra della favola eterna&#8230; Ah, la squadra del cuore non \u00e8 il Verona, ma questo era evidente&#8230;<\/p>\n","protected":false},"excerpt":{"rendered":"<p>E&#8217; simpatico assai notare come ci sia qualche pennivendolo che, sempre al soldo del solito padrone, tenta di inquinare l&#8217;aria con le sue teorie, miste a lezioni di giornalismo. Qualcuno che, invece di andare allo stadio a vedere Verona-Varese dal vero si \u00e8 impegnato in uno zapping spasmodico, anche in quelle televisioni da lui tanto&#8230;  <a class=\"excerpt-read-more\" href=\"https:\/\/blog.telenuovo.it\/gianluca-vighini\/2012\/06\/04\/i-complotti-e-le-lezioni-di-giornalismo\/\" title=\"Read I COMPLOTTI E LE LEZIONI DI GIORNALISMO\">Leggi tutto &raquo;<\/a><\/p>\n","protected":false},"author":2,"featured_media":0,"comment_status":"open","ping_status":"open","sticky":false,"template":"","format":"standard","meta":[],"categories":[1],"tags":[],"_links":{"self":[{"href":"https:\/\/blog.telenuovo.it\/gianluca-vighini\/wp-json\/wp\/v2\/posts\/685"}],"collection":[{"href":"https:\/\/blog.telenuovo.it\/gianluca-vighini\/wp-json\/wp\/v2\/posts"}],"about":[{"href":"https:\/\/blog.telenuovo.it\/gianluca-vighini\/wp-json\/wp\/v2\/types\/post"}],"author":[{"embeddable":true,"href":"https:\/\/blog.telenuovo.it\/gianluca-vighini\/wp-json\/wp\/v2\/users\/2"}],"replies":[{"embeddable":true,"href":"https:\/\/blog.telenuovo.it\/gianluca-vighini\/wp-json\/wp\/v2\/comments?post=685"}],"version-history":[{"count":3,"href":"https:\/\/blog.telenuovo.it\/gianluca-vighini\/wp-json\/wp\/v2\/posts\/685\/revisions"}],"predecessor-version":[{"id":687,"href":"https:\/\/blog.telenuovo.it\/gianluca-vighini\/wp-json\/wp\/v2\/posts\/685\/revisions\/687"}],"wp:attachment":[{"href":"https:\/\/blog.telenuovo.it\/gianluca-vighini\/wp-json\/wp\/v2\/media?parent=685"}],"wp:term":[{"taxonomy":"category","embeddable":true,"href":"https:\/\/blog.telenuovo.it\/gianluca-vighini\/wp-json\/wp\/v2\/categories?post=685"},{"taxonomy":"post_tag","embeddable":true,"href":"https:\/\/blog.telenuovo.it\/gianluca-vighini\/wp-json\/wp\/v2\/tags?post=685"}],"curies":[{"name":"wp","href":"https:\/\/api.w.org\/{rel}","templated":true}]}}