{"id":691,"date":"2012-06-07T14:39:23","date_gmt":"2012-06-07T12:39:23","guid":{"rendered":"http:\/\/blog.telenuovo.it\/gianluca-vighini\/?p=691"},"modified":"2012-06-07T16:21:42","modified_gmt":"2012-06-07T14:21:42","slug":"una-brutta-storia","status":"publish","type":"post","link":"https:\/\/blog.telenuovo.it\/gianluca-vighini\/2012\/06\/07\/una-brutta-storia\/","title":{"rendered":"UNA BRUTTA STORIA"},"content":{"rendered":"<p>Da qualunque parte la si giri \u00e8 una brutta storia. Brutta e triste. Il mancato rapporto tra Gibellini e Mandorlini, le accuse, i dispetti, un anno ad alta tensione e adesso lo sfogo finale del ds. Non mi va, francamente, di tifare per uno o per l&#8217;altro. Pi\u00f9 che ai demeriti dei due ho sempre cercato di guardare ai meriti che entrambi hanno avuto. Enormi quelli del mister che ha preso una squadra alla deriva e l&#8217;ha portata prima in B e poi ad un passo dalla A. Grandi anche quelli di Gibellini che ha scoperto buoni giocatori e ha costruito un Verona che pu\u00f2 anche durare nel tempo. C&#8217;\u00e8 per\u00f2 un fatto, assoluto, che non deve distogliere l&#8217;attenzione. A forza di parlare di Gibellini, di Mandorlini, di sfoghi e di accuse c&#8217;\u00e8 il rischio di dimenticarci che tutto questo avviene sulla pelle dell&#8217;Hellas Verona. Che continuer\u00e0 a vivere anche dopo Mandorlini, Gibellini, Martinelli e tutti coloro che per un anno, due o dieci vestono questa maglia. Ecco, secondo me in molte delle vicende di questi anni, purtroppo il Verona \u00e8 sempre stato messo all&#8217;ultimo posto a beneficio delle tante piccole posizioni personali, di uno o dell&#8217;altro. E questo \u00e8 stato uno dei mali che ci hanno massacrato. Questo \u00e8 successo essenzialmente per un motivo: la debolezza della societ\u00e0. Debolezza strutturale, incapacit\u00e0 di far valer le proprie ragioni. Quando senti cose come quelle che ha detto Gibellini questa mattina, ti chiedi in che razza di mondo siamo capitati. Bastavano dieci minuti e grande risolutezza per risolvere la questione anche a costo di prendere drastiche decisioni, giuste o sbagliate che fossero. Ma mai si doveva arrivare ad un tale livello di bassezza.<\/p>\n","protected":false},"excerpt":{"rendered":"<p>Da qualunque parte la si giri \u00e8 una brutta storia. Brutta e triste. Il mancato rapporto tra Gibellini e Mandorlini, le accuse, i dispetti, un anno ad alta tensione e adesso lo sfogo finale del ds. Non mi va, francamente, di tifare per uno o per l&#8217;altro. Pi\u00f9 che ai demeriti dei due ho sempre&#8230;  <a class=\"excerpt-read-more\" href=\"https:\/\/blog.telenuovo.it\/gianluca-vighini\/2012\/06\/07\/una-brutta-storia\/\" title=\"Read UNA BRUTTA STORIA\">Leggi tutto &raquo;<\/a><\/p>\n","protected":false},"author":2,"featured_media":0,"comment_status":"open","ping_status":"open","sticky":false,"template":"","format":"standard","meta":[],"categories":[1],"tags":[],"_links":{"self":[{"href":"https:\/\/blog.telenuovo.it\/gianluca-vighini\/wp-json\/wp\/v2\/posts\/691"}],"collection":[{"href":"https:\/\/blog.telenuovo.it\/gianluca-vighini\/wp-json\/wp\/v2\/posts"}],"about":[{"href":"https:\/\/blog.telenuovo.it\/gianluca-vighini\/wp-json\/wp\/v2\/types\/post"}],"author":[{"embeddable":true,"href":"https:\/\/blog.telenuovo.it\/gianluca-vighini\/wp-json\/wp\/v2\/users\/2"}],"replies":[{"embeddable":true,"href":"https:\/\/blog.telenuovo.it\/gianluca-vighini\/wp-json\/wp\/v2\/comments?post=691"}],"version-history":[{"count":3,"href":"https:\/\/blog.telenuovo.it\/gianluca-vighini\/wp-json\/wp\/v2\/posts\/691\/revisions"}],"predecessor-version":[{"id":694,"href":"https:\/\/blog.telenuovo.it\/gianluca-vighini\/wp-json\/wp\/v2\/posts\/691\/revisions\/694"}],"wp:attachment":[{"href":"https:\/\/blog.telenuovo.it\/gianluca-vighini\/wp-json\/wp\/v2\/media?parent=691"}],"wp:term":[{"taxonomy":"category","embeddable":true,"href":"https:\/\/blog.telenuovo.it\/gianluca-vighini\/wp-json\/wp\/v2\/categories?post=691"},{"taxonomy":"post_tag","embeddable":true,"href":"https:\/\/blog.telenuovo.it\/gianluca-vighini\/wp-json\/wp\/v2\/tags?post=691"}],"curies":[{"name":"wp","href":"https:\/\/api.w.org\/{rel}","templated":true}]}}