{"id":1024,"date":"2025-12-28T14:46:42","date_gmt":"2025-12-28T13:46:42","guid":{"rendered":"http:\/\/blog.telenuovo.it\/giovanni-vitacchio\/2025\/12\/28\/il-pagellone-di-milan-verona-7\/"},"modified":"2025-12-28T14:51:50","modified_gmt":"2025-12-28T13:51:50","slug":"il-pagellone-di-milan-verona-7","status":"publish","type":"post","link":"https:\/\/blog.telenuovo.it\/giovanni-vitacchio\/2025\/12\/28\/il-pagellone-di-milan-verona-7\/","title":{"rendered":"IL PAGELLONE DI MILAN-VERONA"},"content":{"rendered":"<p class=\"p1\"><span class=\"s1\">MONTIPO\u2019 7 Singolare che un portiere che prende tre gol torni a casa con una valutazione cos\u00ec positiva. Eppure la partita del portiere del Verona \u00e8 attenta e dimostra anche segnali di miglioramento tecnico, soprattutto nelle uscite alte. Ha pi\u00f9 coraggio del solito lontano dai pali e quando \u00e8 chiamato a difendere la linea di porta si fa trovare pronto. Sfortunato sul tiro di Modric, che riesce a deviare sul palo, ma sul quale nulla pu\u00f2 nel tap in di Nkunku.<\/span><\/p>\n<p class=\"p1\"><span class=\"s1\">NUNEZ 6 Nel primo tempo quasi non deve sudare la maglietta, tanta \u00e8 la pochezza del Milan. Gestisce senza particolari affanni e gioca con la giusta malizia per tenere a bada gli attaccanti del Milan. La ripresa \u00e8 un altro film, ma non tanto perch\u00e9 lui cali, ma quanto perch\u00e9 \u00e8 la squadra a sciogliersi. Poco da imputargli, non ha colpe sui gol presi.<\/span><\/p>\n<p class=\"p1\"><span class=\"s1\">NELSSON 4 Da un giocatore della sua esperienza, che ha giocato competizioni importanti, in stadi che possono incutere timore, non ci si pu\u00f2 aspettare sciocchezze come quella commessa su Nkunku. Lo stende in area di rigore, al limite dei sedici metri, in una situazione tutt\u2019altro che pericolosa. Un black out senza senso che piega le gambe del Verona e spezza ogni speranza di rimettere la partita in equilibrio.<\/span><\/p>\n<p class=\"p1\"><span class=\"s1\">BELLA KOTCHAP 6 Il primo tempo \u00e8 di grande livello, in continuit\u00e0 con quanto visto nelle ultime prestazioni. Grande presenza fisica e senso della posizione. Dalle sue parti, non si passa. Difficile valutare la ripresa, con la partita che finisce, di fatto, sul rigore concesso al Milan. Poco reattivo nel gol del 3-0 quando rimane a guardare la respinta di Montip\u00f2 che finisce sul palo e ballonzola davanti alla linea di porta. Ma chiamarlo errore \u00e8 esagerato.<\/span><\/p>\n<p class=\"p1\"><span class=\"s1\">OYEGOKE 5 Parte decisamente bene, senza timori reverenziali nei confronti del Milan e di San Siro. Un paio di spunti interessanti e qualche cross ben calibrato. Sembra starci eccome in questa partita, ma poi una sbavatura costa il gol. Si perde infatti Pulisic sul vantaggio del Milan. Non si rende proprio conto della presenza dell\u2019attaccante statunitense. Nella ripresa non riesce a riprendersi.<\/span><\/p>\n<p class=\"p1\"><span class=\"s1\">SERDAR s.v. (dal 75\u00b0)<\/span><\/p>\n<p class=\"p1\"><span class=\"s1\">NIASSE 5.5 Primo tempo non male, pur senza strafare. Ma quello che fa lo fa bene. Accompagna l\u2019azione d\u2019attacco e anche quando \u00e8 il momento di proteggere l\u2019area di rigore, non si tira indietro. Nella ripresa passeggia e non riesce a scuotere il Verona, messo ko dall\u2019episodio chiave del match, ossia il rigore del 2-0.<span class=\"Apple-converted-space\">\u00a0<\/span><\/span><\/p>\n<p class=\"p1\"><span class=\"s1\">AL MUSRATI 5.5 Per lui vale lo stesso identico discorso fatto per Niasse. Un copia e incolla, eccezion fatta per qualche intuizione in pi\u00f9. Ma nulla che riesca a elevarlo.<\/span><\/p>\n<p class=\"p1\"><span class=\"s1\">HARROUI s.v. (dall\u201985\u00b0)<\/span><\/p>\n<p class=\"p1\"><span class=\"s1\">BERNEDE 6.5 Con Montip\u00f2, sicuramente il migliore del Verona. Corre tantissimo e sono anche le statistiche a dirlo, visti i chilometri percorsi. E\u2019 davvero dappertutto, con grande lucidit\u00e0 e forza nelle ripartenze. Nella prima parte di gara \u00e8 bravo pressare e a sporcare i palloni del Milan. Ne recupera tanti e prova sempre a tirarne fuori qualcosa di buono. Anche nella ripresa, quando il Verona si scioglie, lui rimane l\u2019ultimo ad arrendersi.<\/span><\/p>\n<p class=\"p1\"><span class=\"s1\">BRADARIC 5 In campo incerottato, viene forzato solo ed esclusivamente perch\u00e9 non ci sono alternative. Si vede che non ne ha, per quanto di provi. Arriva sempre un secondo in ritardo e i risultati sono evidenti. Alza bandiera bianca a met\u00e0 del primo tempo, senza pi\u00f9 energie rimaste in corpo.<\/span><\/p>\n<p class=\"p1\"><span class=\"s1\">VALENTINI 5 (dal 65\u00b0) Non porta nulla, ma era un\u2019impresa titanica rialzare il Verona della ripresa.<\/span><\/p>\n<p class=\"p1\"><span class=\"s1\">GIOVANE 5 Le qualit\u00e0 tecniche sembrerebbero avvantaggiarlo nel dello con Pavlovic, che \u00e8 un bestione coi piedi di piombo. Ma il difensore del Milan fa valere proprio il fisico, tenendo sempre il brasiliano lontano dalla palla o comunque in difficolt\u00e0 nel controllarlo. Non \u00e8 la sua domenica, non riesce mai a innescarsi.<\/span><\/p>\n<p class=\"p1\"><span class=\"s1\">ORBAN 5.5 (dal 46\u00b0) Qualcosina meglio rispetto a Sarr, ma anche per lui le condizioni si fanno proibitive col Verona sotto di due gol. Ci prova quando i giallobl\u00f9 tentano timidamente di riportarsi nell\u2019area di rigore del Milan, ma senza successo.<\/span><\/p>\n<p class=\"p1\"><span class=\"s1\">MOSQUERA 5 Tanta lotta, come sempre, ma al lato pratico combina gran poco. Sballottato dalla difesa del Milan, non \u00e8 mai in grado di controllare un pallone e renderlo giocabile offensivamente. Male anche l\u2019intesa coi compagni. Giusto, come per Giovane, lasciarlo nello spogliatoio dopo il primo tempo.<\/span><\/p>\n<p class=\"p1\"><span class=\"s1\">SARR 5 (dal 46\u00b0) Francamente, quando entra in campo lui, la partita si mette nelle condizioni peggiori, col Verona che subisce il raddoppio a inizio della ripresa. Da qual momento la squadra smette di giocare e non gli arriva manco un pallone. Non riesce mai a scaldare il motore.<\/span><\/p>\n<p class=\"p1\"><span class=\"s1\">ALL.BERTOLINI 5.5 (Zanetti squalificato) Eccezione fatta per Belghali, impegnato con la Coppa d\u2019Africa, e Frese squalificato, in campo vanno gli stessi visti a Firenze. E le cose sembrano riprendere proprio quel cammino. Il Verona gioca bene, spaventa il Milan, pur non riuscendo mai a tirare in porta. Ma l\u2019atteggiamento \u00e8 giusto. I giallobl\u00f9 si ritrovano sotto immeritatamente. Ma \u00e8 nella ripresa che Nelsson rovina tutto. Di l\u00ec in avanti i suoi non sono pi\u00f9 in grado di giocare. Bertolini ci prova coi cambi, ma le cose non cambiano.<\/span><\/p>\n","protected":false},"excerpt":{"rendered":"<p>MONTIPO\u2019 7 Singolare che un portiere che prende tre gol torni a casa con una valutazione cos\u00ec positiva. Eppure la partita del portiere del Verona \u00e8 attenta e dimostra anche segnali di miglioramento tecnico, soprattutto nelle uscite alte. Ha pi\u00f9 coraggio del solito lontano dai pali e quando \u00e8 chiamato a difendere la linea di&#8230;  <a class=\"excerpt-read-more\" href=\"https:\/\/blog.telenuovo.it\/giovanni-vitacchio\/2025\/12\/28\/il-pagellone-di-milan-verona-7\/\" title=\"Read IL PAGELLONE DI MILAN-VERONA\">Leggi tutto &raquo;<\/a><\/p>\n","protected":false},"author":4,"featured_media":0,"comment_status":"open","ping_status":"open","sticky":false,"template":"","format":"standard","meta":[],"categories":[1],"tags":[],"_links":{"self":[{"href":"https:\/\/blog.telenuovo.it\/giovanni-vitacchio\/wp-json\/wp\/v2\/posts\/1024"}],"collection":[{"href":"https:\/\/blog.telenuovo.it\/giovanni-vitacchio\/wp-json\/wp\/v2\/posts"}],"about":[{"href":"https:\/\/blog.telenuovo.it\/giovanni-vitacchio\/wp-json\/wp\/v2\/types\/post"}],"author":[{"embeddable":true,"href":"https:\/\/blog.telenuovo.it\/giovanni-vitacchio\/wp-json\/wp\/v2\/users\/4"}],"replies":[{"embeddable":true,"href":"https:\/\/blog.telenuovo.it\/giovanni-vitacchio\/wp-json\/wp\/v2\/comments?post=1024"}],"version-history":[{"count":1,"href":"https:\/\/blog.telenuovo.it\/giovanni-vitacchio\/wp-json\/wp\/v2\/posts\/1024\/revisions"}],"predecessor-version":[{"id":1026,"href":"https:\/\/blog.telenuovo.it\/giovanni-vitacchio\/wp-json\/wp\/v2\/posts\/1024\/revisions\/1026"}],"wp:attachment":[{"href":"https:\/\/blog.telenuovo.it\/giovanni-vitacchio\/wp-json\/wp\/v2\/media?parent=1024"}],"wp:term":[{"taxonomy":"category","embeddable":true,"href":"https:\/\/blog.telenuovo.it\/giovanni-vitacchio\/wp-json\/wp\/v2\/categories?post=1024"},{"taxonomy":"post_tag","embeddable":true,"href":"https:\/\/blog.telenuovo.it\/giovanni-vitacchio\/wp-json\/wp\/v2\/tags?post=1024"}],"curies":[{"name":"wp","href":"https:\/\/api.w.org\/{rel}","templated":true}]}}