{"id":264,"date":"2019-09-24T23:09:18","date_gmt":"2019-09-24T21:09:18","guid":{"rendered":"https:\/\/blog.telenuovo.it\/giovanni-vitacchio\/?p=264"},"modified":"2019-09-24T23:09:18","modified_gmt":"2019-09-24T21:09:18","slug":"il-pagellone-di-verona-udinese","status":"publish","type":"post","link":"https:\/\/blog.telenuovo.it\/giovanni-vitacchio\/2019\/09\/24\/il-pagellone-di-verona-udinese\/","title":{"rendered":"IL PAGELLONE DI VERONA-UDINESE"},"content":{"rendered":"<p>SILVESTRI 6- Una delle notizie della giornata \u00e8 la sua inconsueta incertezza. In pi\u00f9 di un&#8217;occasione non dimostra tutta la sicurezza alla quale ci ha abituati. Nel primo tempo viene graziato da Lasagna, a due metri dalla porta. Poi qualche uscita ritardata e un po&#8217; di brividi lungo la schiena sugli spalti.<\/p>\n<p>RRAHMANI 7 Cresce di partita in partita, con una progressione impressionante. Dalle sue parti non si passa, manco per fare due passi. A dispetto della mole fisica ha agilit\u00e0 da scattista e contro l&#8217;Udinese, in pi\u00f9 di un&#8217;occasione si fa vedere anche nella met\u00e0 campo avversaria. Insostituibile.<\/p>\n<p>DAWIDOWICZ 7 Negli occhi dei tifosi c&#8217;era ancora quel fallo da rosso su Orsolini, durante la prima di campionato, in casa, contro il Bologna. Cost\u00f2 al Verona non solo la sua espulsione, ma anche il rigore trasformato da Sansone. Senza mai voltarsi a guardare ci\u00f2 che \u00e8 stato, il polacco regala una prestazione coi fiochi, sbagliando praticamente nulla. Ottimo in anticipo, altrettanto quando gli udinesi si fanno pericolosi in area. Promosso a pieni voti.<\/p>\n<p>GUNTER 6- Si vede che gioca un po&#8217; frenato dopo gli ultimi episodi che lo hanno visto particolarmente sfortunato. Cos\u00ec incappa in qualche errore di troppo in fase di impostazione, sparando un po&#8217; troppi palloni a casaccio. Viene per\u00f2 fuori alla distanza, sostenendo la squadra nella ricerca del gol.<\/p>\n<p>FARAONI 6.5 Cos\u00ec cos\u00ec nel primo tempo, scatenato nel secondo. Un crescendo fisico per Davide che sforna cross a ripetizione. Solca la fascia destra con grande forza, abile, dopo aver offeso, a ripiegare in tutta fretta.<\/p>\n<p>AMRABAT 7 E&#8217; lui oggi la perla del centrocampo, l&#8217;uomo ovunque di questo Verona. Un portento al quale l&#8217;Udinese non riesce in alcun modo a porre rimedio. Se imparer\u00e0 a trovare i tempi di inserimento in avanti, cercando cos\u00ec gloria sotto porta, beh, ci sar\u00e0 da divertirsi. L&#8217;aggettivo di oggi per lui \u00e8: roboante.<\/p>\n<p>VELOSO 6.5 Meno brillante rispetto alla gara con la Juve, e d&#8217;altra parte non \u00e8 pi\u00f9 un ragazzino. Le sue giocate, per\u00f2, sono irrinunciabili per Juric e per il Verona. In mezzo al campo la palla passa sempre dai suoi piedi ed \u00e8 raro che faccia una brutta fine.<\/p>\n<p>LAZOVIC 6 Anche contro l&#8217;Udinese, cos\u00ec come contro la Juve, va vicino al gol, sempre con un bel tiro al volo. Si impegna e non poco e infatti finisce la benzina anzitempo, costringendo Juric al cambio. Devo dire che per uno abituato ad attaccare, \u00e8 davvero apprezzabile l&#8217;aiuto che d\u00e0 in fase difensiva.<\/p>\n<p>VITALE (dal 38&#8242; s.t.) s.v.<\/p>\n<p>PESSINA 6 Leggero nel fisico, ma veloce nelle giocate. Svaria senza grandi restrizioni tecniche ed \u00e8 un piacere vedere come accarezza il pallone col mancino. Deve trovare un po&#8217; di sostanza, ma le premesse non mancano.<\/p>\n<p>ZACCAGNI 6- E&#8217; uno di quelli che ha maggiormente pagato il doppio impegno in tre giorni. Non \u00e8 brillante come al suo solito e le giocate che contano stentano ad arrivare. Capaci di spuntare l&#8217;uomo e saltarlo, oggi si ferma un po&#8217; prima. Fondamentale che recuperi le energie per la trasferta di Cagliari.<\/p>\n<p>VERRE (dal 16&#8242; s.t.) 6 Entra bene e la sua freschezza mette in difficolt\u00e0 un&#8217;Udinese stremata fisicamente. Destra o sinistra poco conta per questo giovanotto che sta facendo intravvedere colpi notevoli. Ricordate il Milan&#8230;<\/p>\n<p>DI CARMINE s.v.<\/p>\n<p>STEPINSKI (dal 29&#8242; p.t.) 5.5 Un po&#8217; goffo nei primi minuti, dopo aver preso il posto di Di Carmine. Forse i carichi di lavoro non lo aiutano. Per\u00f2 con i minuti che passano inizia a sciogliersi e aiuta parecchio la squadra a guadagnare metri. Si divora un gol gi\u00e0 fatto, a due metri dalla porta. Solo, solo, con quel capoccione, non riesce a fare di meglio che farsela parare da Musso. Mannaggia.<\/p>\n<p>JURIC 6.5 Forse ci si poteva aspettare un po&#8217; di turnover in pi\u00f9, per\u00f2 la squadra ha finito in crescendo, quindi, tutto sommato, ha avuto ragione lui. Giusta la scelta di mettere Di Carmine dal primo minuto. Mettendolo in panchina, dopo il rigore sbagliato a Torino, forse lo avrebbe perso mentalmente. Rimane il problema del gol, questo sconosciuto. Per\u00f2 dietro ha costruito, finora, un capolavoro.<\/p>\n","protected":false},"excerpt":{"rendered":"<p>SILVESTRI 6- Una delle notizie della giornata \u00e8 la sua inconsueta incertezza. In pi\u00f9 di un&#8217;occasione non dimostra tutta la sicurezza alla quale ci ha abituati. Nel primo tempo viene graziato da Lasagna, a due metri dalla porta. Poi qualche uscita ritardata e un po&#8217; di brividi lungo la schiena sugli spalti. RRAHMANI 7 Cresce&#8230;  <a class=\"excerpt-read-more\" href=\"https:\/\/blog.telenuovo.it\/giovanni-vitacchio\/2019\/09\/24\/il-pagellone-di-verona-udinese\/\" title=\"Read IL PAGELLONE DI VERONA-UDINESE\">Leggi tutto &raquo;<\/a><\/p>\n","protected":false},"author":4,"featured_media":0,"comment_status":"open","ping_status":"open","sticky":false,"template":"","format":"standard","meta":[],"categories":[1],"tags":[],"_links":{"self":[{"href":"https:\/\/blog.telenuovo.it\/giovanni-vitacchio\/wp-json\/wp\/v2\/posts\/264"}],"collection":[{"href":"https:\/\/blog.telenuovo.it\/giovanni-vitacchio\/wp-json\/wp\/v2\/posts"}],"about":[{"href":"https:\/\/blog.telenuovo.it\/giovanni-vitacchio\/wp-json\/wp\/v2\/types\/post"}],"author":[{"embeddable":true,"href":"https:\/\/blog.telenuovo.it\/giovanni-vitacchio\/wp-json\/wp\/v2\/users\/4"}],"replies":[{"embeddable":true,"href":"https:\/\/blog.telenuovo.it\/giovanni-vitacchio\/wp-json\/wp\/v2\/comments?post=264"}],"version-history":[{"count":1,"href":"https:\/\/blog.telenuovo.it\/giovanni-vitacchio\/wp-json\/wp\/v2\/posts\/264\/revisions"}],"predecessor-version":[{"id":265,"href":"https:\/\/blog.telenuovo.it\/giovanni-vitacchio\/wp-json\/wp\/v2\/posts\/264\/revisions\/265"}],"wp:attachment":[{"href":"https:\/\/blog.telenuovo.it\/giovanni-vitacchio\/wp-json\/wp\/v2\/media?parent=264"}],"wp:term":[{"taxonomy":"category","embeddable":true,"href":"https:\/\/blog.telenuovo.it\/giovanni-vitacchio\/wp-json\/wp\/v2\/categories?post=264"},{"taxonomy":"post_tag","embeddable":true,"href":"https:\/\/blog.telenuovo.it\/giovanni-vitacchio\/wp-json\/wp\/v2\/tags?post=264"}],"curies":[{"name":"wp","href":"https:\/\/api.w.org\/{rel}","templated":true}]}}